{"id":13831,"date":"2024-05-01T09:52:00","date_gmt":"2024-05-01T12:52:00","guid":{"rendered":"https:\/\/www.promendoza.com\/es\/?p=13831"},"modified":"2024-05-02T09:55:02","modified_gmt":"2024-05-02T12:55:02","slug":"gimenez-trabajamos-para-que-mas-productos-y-servicios-de-mendoza-se-comercialicen-en-el-mundo","status":"publish","type":"post","link":"https:\/\/www.promendoza.com\/es\/gimenez-trabajamos-para-que-mas-productos-y-servicios-de-mendoza-se-comercialicen-en-el-mundo\/","title":{"rendered":"Gim\u00e9nez: \u201cTrabajamos para que m\u00e1s productos y servicios de Mendoza se comercialicen en el mundo\u201d"},"content":{"rendered":"<style type=\"text\/css\"><\/style>\n<figure class=\"wp-block-image\"><img alt=\"\"\/><\/figure>\n\n\n\n<p>La presidenta de la Unidad ProMendoza, Patricia Gim\u00e9nez, sostuvo que uno de los principales ejes de esta gesti\u00f3n provincial es potenciar la internacionalizaci\u00f3n de Mendoza. Lo dijo tras presenciar el discurso del Gobernador Alfredo Cornejo, quien dio apertura a las Sesiones Ordinarias correspondiente al 184\u00b0 per\u00edodo legislativo anual.<br>Gim\u00e9nez destac\u00f3 que la actual gesti\u00f3n gubernamental puso en jerarqu\u00eda ministerial a ProMendoza. El organismo tiene la facultad de representaci\u00f3n de la provincia en los organismos regionales, nacionales e internacionales relacionados con las materias agropecuaria, industrial, de comercio exterior y de inversiones. Tambi\u00e9n tiene la potestad de participar en representaci\u00f3n de la provincia en negociaciones con otros pa\u00edses para asegurar la concurrencia de nuestros productos a sus mercados en condiciones favorables y de reciprocidad.<\/p>\n\n\n\n<p>\u201cCon mi equipo analizamos de manera permanente el contexto mundial, porque es cada vez m\u00e1s importante vincular a la provincia con todos los pa\u00edses del mundo, tanto para promocionar sus productos y servicios como para atraer inversiones y conseguir ventajas competitivas. Una de las metas es generar m\u00e1s lazos internacionales a nivel regi\u00f3n-regi\u00f3n que brindan oportunidades a nuestras pymes y mejoran su inserci\u00f3n en el mundo. Tambi\u00e9n, para posicionar la marca Mendoza en el mundo como sin\u00f3nimo de calidad, desarrollo y trabajo comprometido con un impacto positivo en nuestro planeta y sus comunidades\u201d, sostuvo Gim\u00e9nez.<\/p>\n\n\n\n<p>La ex embajadora argentina en Costa Rica explic\u00f3 algunas de las acciones llevadas a cabo en estos pocos meses de gesti\u00f3n en ProMendoza. \u201cEn marzo de 2024, ProMendoza logr\u00f3 superar una de sus metas en la feria de vinos m\u00e1s importante del mundo. Pudimos acompa\u00f1ar a 27 bodegas a la Prowein D\u00fcsseldorf, Alemania. Adem\u00e1s, llevamos pymes que hacen alimentos a Expocomer, la tradicional feria de comercio internacional de Panam\u00e1. Hasta esta edici\u00f3n, solamente hab\u00edamos llevado bodegas. Otro hecho clave de estos meses fue el Foro de Inversiones y Negocios Mendoza, que fue un \u00e9xito, con m\u00e1s de 600 invitados que descubrieron por qu\u00e9 vale la pena invertir en la provincia\u201d, resumi\u00f3.<\/p>\n\n\n\n<p>Por otro lado, remarc\u00f3 cu\u00e1les ser\u00e1n los ejes trazados para lo que queda de este a\u00f1o. Durante 2024, adem\u00e1s del habitual trabajo de promoci\u00f3n comercial de nuestros productos en el exterior, ProMendoza apuntar\u00e1 a aumentar las exportaciones, atraer inversiones y vincular a Mendoza con el mundo de manera amplia, en todos los campos de acci\u00f3n.<\/p>\n\n\n\n<p>Asimismo, enfatiz\u00f3 que se har\u00e1 un gran despliegue territorial para llegar a las pymes de cada uno de los departamentos mendocinos.<\/p>\n\n\n\n<p>\u201cVamos a profundizar la llegada de ProMendoza a las pymes y emprendedores en todo el territorio de la provincia para aumentar el n\u00famero de exportadores y empresas internacionalizadas. En los \u00faltimos tres a\u00f1os, hemos tenido un promedio de 780 empresas exportadoras, un significativo 8,2% del total del pa\u00eds. Queremos que sean m\u00e1s, y por eso estamos visitando a cada uno de los departamentos llevando los programas que tenemos para acompa\u00f1ar a los diferentes sectores\u201d, agreg\u00f3.<\/p>\n","protected":false},"excerpt":{"rendered":"<p>La presidenta de la Unidad ProMendoza, Patricia Gim\u00e9nez, sostuvo que uno de los principales ejes de esta gesti\u00f3n provincial es potenciar la internacionalizaci\u00f3n de Mendoza. Lo dijo tras presenciar el&#8230;<\/p>\n","protected":false},"author":1,"featured_media":13832,"comment_status":"closed","ping_status":"closed","sticky":false,"template":"","format":"image","meta":[],"categories":[54],"tags":[],"_links":{"self":[{"href":"https:\/\/www.promendoza.com\/es\/wp-json\/wp\/v2\/posts\/13831"}],"collection":[{"href":"https:\/\/www.promendoza.com\/es\/wp-json\/wp\/v2\/posts"}],"about":[{"href":"https:\/\/www.promendoza.com\/es\/wp-json\/wp\/v2\/types\/post"}],"author":[{"embeddable":true,"href":"https:\/\/www.promendoza.com\/es\/wp-json\/wp\/v2\/users\/1"}],"replies":[{"embeddable":true,"href":"https:\/\/www.promendoza.com\/es\/wp-json\/wp\/v2\/comments?post=13831"}],"version-history":[{"count":2,"href":"https:\/\/www.promendoza.com\/es\/wp-json\/wp\/v2\/posts\/13831\/revisions"}],"predecessor-version":[{"id":13834,"href":"https:\/\/www.promendoza.com\/es\/wp-json\/wp\/v2\/posts\/13831\/revisions\/13834"}],"wp:featuredmedia":[{"embeddable":true,"href":"https:\/\/www.promendoza.com\/es\/wp-json\/wp\/v2\/media\/13832"}],"wp:attachment":[{"href":"https:\/\/www.promendoza.com\/es\/wp-json\/wp\/v2\/media?parent=13831"}],"wp:term":[{"taxonomy":"category","embeddable":true,"href":"https:\/\/www.promendoza.com\/es\/wp-json\/wp\/v2\/categories?post=13831"},{"taxonomy":"post_tag","embeddable":true,"href":"https:\/\/www.promendoza.com\/es\/wp-json\/wp\/v2\/tags?post=13831"}],"curies":[{"name":"wp","href":"https:\/\/api.w.org\/{rel}","templated":true}]}}