{"id":13995,"date":"2024-05-14T09:08:15","date_gmt":"2024-05-14T12:08:15","guid":{"rendered":"https:\/\/www.promendoza.com\/es\/?p=13995"},"modified":"2024-05-15T09:20:55","modified_gmt":"2024-05-15T12:20:55","slug":"empresas-mendocinas-se-promocionan-ante-supermercadistas-e-importadores-de-brasil","status":"publish","type":"post","link":"https:\/\/www.promendoza.com\/es\/empresas-mendocinas-se-promocionan-ante-supermercadistas-e-importadores-de-brasil\/","title":{"rendered":"Empresas mendocinas se promocionan ante supermercadistas e importadores de Brasil"},"content":{"rendered":"<style type=\"text\/css\"><\/style>\n<figure class=\"wp-block-image\"><img alt=\"\"\/><\/figure>\n\n\n\n<p>Del 13 al 16 de mayo ProMendoza acompa\u00f1a a un grupo de empresas a la feria de bebidas y alimentos organizada por la Asociaci\u00f3n Paulista de Supermercados (APAS) que se desarrolla en San Pablo, Brasil.&nbsp;<\/p>\n\n\n\n<p>La 38\u00aa edici\u00f3n de APAS, que tiene lugar nuevamente en el Centro de Exposiciones Norte, y es la feria que marca el term\u00f3metro del rubro en Am\u00e9rica Latina, tuvo en promedio unos 850 expositores y m\u00e1s de 70 mil visitantes convocados en 2023.&nbsp;<\/p>\n\n\n\n<p>En el pabell\u00f3n argentino coordinado por la Agencia Argentina de Inversiones y Comercio, participan 12 empresas de Mendoza: Mill\u00e1n SA, Argenprun, Nucete, Fenix Fruits Concrentrates, Arcor Mendoza, Trador SA, Cepas Argentina, Amansado Wine, Chocolates y Alfajores Bianco &#038; Negro, Dulce Latido de los Andes, Argensun y Agroaceitunera.<\/p>\n\n\n\n<p>\u201cLos felicito por la cantidad de empresas mendocinas que hoy los est\u00e1n representando en San Pablo. Mendoza no necesita presentaci\u00f3n porque por suerte hay una gran cantidad de paulistas que viajan seguido a esa gran provincia a disfrutar de sus ricos vinos y sus hermosos paisajes\u201d, destac\u00f3 el&nbsp;C\u00f3nsul General de Argentina en San Pablo, Embajador Luis Mar\u00eda Kreckler.&nbsp;&nbsp;<\/p>\n\n\n\n<p><strong>La importancia de Brasil como mercado<\/strong><\/p>\n\n\n\n<p>Brasil fue en 2023 el mercado m\u00e1s importante para Mendoza superando los 330 millones de d\u00f3lares exportados en vinos, ajo y frutas secas.<\/p>\n\n\n\n<p>\u201cAPAS SHOW es la mayor feria de Sudam\u00e9rica de supermercados y se realiza del 13 al 16 de mayo. Nos permite mostrar a&nbsp; las empresas mendocinas en un pabell\u00f3n organizado por la Agencia de Inversiones. Esta feria, que es clave para el sector, cuenta con m\u00e1s de 800 expositores y decenas de miles sus visitantes. ProMendoza tiene como visi\u00f3n comercial que es necesario abordar a Brasil por Estados para multiplicar los negocios, es por ello que la feria APAS es prioritaria para profundizar acciones en este pa\u00eds\u201d, inform\u00f3 Patricia Gim\u00e9nez, Presidente de la Unidad ProMendoza.<\/p>\n\n\n\n<p>San Pablo es el estado m\u00e1s rico de Brasil, responsable del 34% del PIB del pa\u00eds con un 21,9% de la poblaci\u00f3n brasile\u00f1a. Posee una agricultura y ganader\u00eda muy desarrolladas y productivas. Su producto bruto interno como Estado es superior al de pa\u00edses como Per\u00fa o Chile.<\/p>\n\n\n\n<p>Fernando Urdaniz, Coordinador de Promoci\u00f3n Comercial de ProMendoza, sum\u00f3: \u201cPor suerte muchas empresas de Mendoza nos est\u00e1n acompa\u00f1ando. Hay buena presencia de Argentina y muy buena presencia de Mendoza. Para quienes quieren estar en este mercado, esta es la feria a la que deben venir ya que San Pablo nuclea a la mayor cantidad de supermercados y la mayor concentraci\u00f3n de personas dentro de este gran mercado que es Brasil\u201d.<\/p>\n","protected":false},"excerpt":{"rendered":"<p>Del 13 al 16 de mayo ProMendoza acompa\u00f1a a un grupo de empresas a la feria de bebidas y alimentos organizada por la Asociaci\u00f3n Paulista de Supermercados (APAS) que se&#8230;<\/p>\n","protected":false},"author":1,"featured_media":14000,"comment_status":"closed","ping_status":"closed","sticky":false,"template":"","format":"image","meta":[],"categories":[98],"tags":[],"_links":{"self":[{"href":"https:\/\/www.promendoza.com\/es\/wp-json\/wp\/v2\/posts\/13995"}],"collection":[{"href":"https:\/\/www.promendoza.com\/es\/wp-json\/wp\/v2\/posts"}],"about":[{"href":"https:\/\/www.promendoza.com\/es\/wp-json\/wp\/v2\/types\/post"}],"author":[{"embeddable":true,"href":"https:\/\/www.promendoza.com\/es\/wp-json\/wp\/v2\/users\/1"}],"replies":[{"embeddable":true,"href":"https:\/\/www.promendoza.com\/es\/wp-json\/wp\/v2\/comments?post=13995"}],"version-history":[{"count":3,"href":"https:\/\/www.promendoza.com\/es\/wp-json\/wp\/v2\/posts\/13995\/revisions"}],"predecessor-version":[{"id":14002,"href":"https:\/\/www.promendoza.com\/es\/wp-json\/wp\/v2\/posts\/13995\/revisions\/14002"}],"wp:featuredmedia":[{"embeddable":true,"href":"https:\/\/www.promendoza.com\/es\/wp-json\/wp\/v2\/media\/14000"}],"wp:attachment":[{"href":"https:\/\/www.promendoza.com\/es\/wp-json\/wp\/v2\/media?parent=13995"}],"wp:term":[{"taxonomy":"category","embeddable":true,"href":"https:\/\/www.promendoza.com\/es\/wp-json\/wp\/v2\/categories?post=13995"},{"taxonomy":"post_tag","embeddable":true,"href":"https:\/\/www.promendoza.com\/es\/wp-json\/wp\/v2\/tags?post=13995"}],"curies":[{"name":"wp","href":"https:\/\/api.w.org\/{rel}","templated":true}]}}