{"id":14019,"date":"2024-05-16T12:01:41","date_gmt":"2024-05-16T15:01:41","guid":{"rendered":"https:\/\/www.promendoza.com\/es\/?p=14019"},"modified":"2024-05-17T12:06:25","modified_gmt":"2024-05-17T15:06:25","slug":"promendoza-trabaja-en-la-integracion-con-el-estado-brasilero-de-pernambuco","status":"publish","type":"post","link":"https:\/\/www.promendoza.com\/es\/promendoza-trabaja-en-la-integracion-con-el-estado-brasilero-de-pernambuco\/","title":{"rendered":"ProMendoza trabaja en la integraci\u00f3n con el estado brasilero de Pernambuco"},"content":{"rendered":"<style type=\"text\/css\"><\/style>\n<figure class=\"wp-block-image\"><img alt=\"\"\/><\/figure>\n\n\n\n<p>En el marco de la misi\u00f3n a Brasil, la presidente de la Unidad ProMendoza, Patricia Gim\u00e9nez, viaj\u00f3 al estado de Pernambuco para reunirse con autoridades locales y explorar caminos que potencien la integraci\u00f3n y el desarrollo econ\u00f3mico de ambas regiones. Busca firmar este a\u00f1o, un acuerdo de integraci\u00f3n y cooperaci\u00f3n que incremente y dinamice las relaciones econ\u00f3micas entre ambas regiones &nbsp;<\/p>\n\n\n\n<p>Gim\u00e9nez fue recibida por Priscila Krause, vicegobernadora en ejercicio de la Gobernaci\u00f3n; Julieta Grande, C\u00f3nsul General de Argentina en Recife; Andr\u00e9s Teixeira, presidente de la Agencia de Desarrollo Econ\u00f3mico de Pernambuco (ADEPE); Pedro Neves, director General de Fomento, Innovaci\u00f3n y Arreglos Productivos de ADEPE; Rayane Aguilar, secretaria Ejecutiva de Relaciones Internacionales. &nbsp;<\/p>\n\n\n\n<p>\u201cHemos tenido un excelente recibimiento de Mendoza en el Estado de Pernambuco con el que empezamos a idear una agenda de intereses comunes para estrechar lazos y potenciarnos\u201d, cont\u00f3 Patricia Gim\u00e9nez, titular de la Unidad ProMendoza.&nbsp; &nbsp;<\/p>\n\n\n\n<p>Pernambuco es un Estado del nordeste de Brasil, que, con una poblaci\u00f3n mayor a 8 millones de habitantes, es el s\u00e9ptimo estado m\u00e1s poblado. Su econom\u00eda est\u00e1 basada en la agricultura (ca\u00f1a de az\u00facar, mandioca), ganader\u00eda y creaci\u00f3n animal, as\u00ed como en una fuerte presencia de la industria alrededor del Puerto de Saupe (alimentos, qu\u00edmica, metalurgia, electr\u00f3nica, textil). A su vez, posee importantes ventajas log\u00edstica, para abastecer a toda la regi\u00f3n nordeste de Brasil y regi\u00f3n de la Amazon\u00eda que lo convierte en importante socio comercial potencial para Mendoza. &nbsp;<\/p>\n\n\n\n<p>Entre los canales de cooperaci\u00f3n que se analizaron estuvieron: cooperaci\u00f3n vitivin\u00edcola, universitaria, promoci\u00f3n tur\u00edstica, complementaci\u00f3n econ\u00f3mica y comercial en los sectores de alimentos y bebidas, energ\u00eda, maquinaria agr\u00edcola y promoci\u00f3n mutua de inversiones. Entre los puntos de cooperaci\u00f3n vitivin\u00edcola, se explorar\u00e1n acuerdos, que incluyan buenas pr\u00e1cticas, manejo de cultivos y la posibilidad de que el Estado de Pernambuco pueda aplicar una reducci\u00f3n del impuesto a la comercializaci\u00f3n de bebidas alcoh\u00f3licas, en particular vinos, denominado ICMS, con el fin de mejorar el acceso de los vinos mendocinos al mercado regional.&nbsp;&nbsp;&nbsp; &nbsp;<\/p>\n\n\n\n<p>Otro de los temas que se discutir\u00e1 en conjunto es el trabajo de plataformas log\u00edstico-comerciales para favorecer la competitividad de los productos; cooperaci\u00f3n para desarrollos energ\u00e9ticos; negocios birregionales en alimentos y bebidas, servicios petroleros, metalmec\u00e1nica dedicada a la miner\u00eda, la energ\u00eda, Oil &#038; Gas y la industria alimenticia.&nbsp; &nbsp;<\/p>\n\n\n\n<p>Asimismo, se decidi\u00f3 avanzar en reuniones bilaterales que permitan arribar a un acuerdo que firmar\u00e1n autoridades de ambas regiones a finales de 2024, en una Misi\u00f3n institucional y empresarial de Pernambuco a Mendoza. &nbsp;<\/p>\n\n\n\n<p>Brasil por regiones&nbsp; &nbsp;<\/p>\n\n\n\n<p>A partir del a\u00f1o 2017, ProMendoza comenz\u00f3 a desarrollar una estrategia de regionalizaci\u00f3n y de ampliaci\u00f3n de las relaciones con las diversas regiones de Brasil. De esta manera, se firm\u00f3 un acuerdo de cooperaci\u00f3n con R\u00edo Grande del Sur, se estableci\u00f3 un hub log\u00edstico en el Estado de&nbsp;Santa Catarina&nbsp;y se est\u00e1 negociando un acuerdo con el Estado de Bah\u00eda.&nbsp;&nbsp; &nbsp;<\/p>\n\n\n\n<p>Actualmente, el objetivo de Mendoza es aumentar y profundizar las relaciones con los Estados del Nordeste de Brasil, no solamente por su importancia propia, sino tambi\u00e9n como punto log\u00edstico para la regi\u00f3n y para la regi\u00f3n de la Amazon\u00eda.&nbsp;&nbsp; &nbsp;<\/p>\n\n\n\n<p>\u201cCon la vicegobernadora de Pernambuco, Priscila Krause y la C\u00f3nsul Argentina Julieta Grande, analizamos la larga lista de puntos en com\u00fan que tienen nuestros pueblos. Podemos lograr un interesante intercambio comercial entre nuestras econom\u00edas, ya estamos con nuestros equipos armando agendas de negocios. Tambi\u00e9n coincidimos en el intercambio cultural y educativo ya que ambos Estados son sedes de importantes universidades. Por supuesto que intensificar los lazos tur\u00edsticos fue otro de los puntos en com\u00fan para que haya m\u00e1s conectividad entre Mendoza y la regi\u00f3n del Valle de San Francisco\u201d, sum\u00f3 Gim\u00e9nez. &nbsp;<\/p>\n\n\n\n<p>Y agreg\u00f3: \u201cPronto nos van a visitar. Tienen mucha expectativa en todo lo que tiene Mendoza para los habitantes de Pernambuco\u201d.&nbsp;<\/p>\n","protected":false},"excerpt":{"rendered":"<p>En el marco de la misi\u00f3n a Brasil, la presidente de la Unidad ProMendoza, Patricia Gim\u00e9nez, viaj\u00f3 al estado de Pernambuco para reunirse con autoridades locales y explorar caminos que&#8230;<\/p>\n","protected":false},"author":1,"featured_media":14020,"comment_status":"closed","ping_status":"closed","sticky":false,"template":"","format":"image","meta":[],"categories":[100],"tags":[],"_links":{"self":[{"href":"https:\/\/www.promendoza.com\/es\/wp-json\/wp\/v2\/posts\/14019"}],"collection":[{"href":"https:\/\/www.promendoza.com\/es\/wp-json\/wp\/v2\/posts"}],"about":[{"href":"https:\/\/www.promendoza.com\/es\/wp-json\/wp\/v2\/types\/post"}],"author":[{"embeddable":true,"href":"https:\/\/www.promendoza.com\/es\/wp-json\/wp\/v2\/users\/1"}],"replies":[{"embeddable":true,"href":"https:\/\/www.promendoza.com\/es\/wp-json\/wp\/v2\/comments?post=14019"}],"version-history":[{"count":2,"href":"https:\/\/www.promendoza.com\/es\/wp-json\/wp\/v2\/posts\/14019\/revisions"}],"predecessor-version":[{"id":14022,"href":"https:\/\/www.promendoza.com\/es\/wp-json\/wp\/v2\/posts\/14019\/revisions\/14022"}],"wp:featuredmedia":[{"embeddable":true,"href":"https:\/\/www.promendoza.com\/es\/wp-json\/wp\/v2\/media\/14020"}],"wp:attachment":[{"href":"https:\/\/www.promendoza.com\/es\/wp-json\/wp\/v2\/media?parent=14019"}],"wp:term":[{"taxonomy":"category","embeddable":true,"href":"https:\/\/www.promendoza.com\/es\/wp-json\/wp\/v2\/categories?post=14019"},{"taxonomy":"post_tag","embeddable":true,"href":"https:\/\/www.promendoza.com\/es\/wp-json\/wp\/v2\/tags?post=14019"}],"curies":[{"name":"wp","href":"https:\/\/api.w.org\/{rel}","templated":true}]}}