{"id":14058,"date":"2024-05-21T12:03:00","date_gmt":"2024-05-21T15:03:00","guid":{"rendered":"https:\/\/www.promendoza.com\/es\/?p=14058"},"modified":"2024-05-21T12:03:15","modified_gmt":"2024-05-21T15:03:15","slug":"el-sector-aeronautico-se-promociono-en-chile-y-prepara-un-evento-internacional-en-mendoza","status":"publish","type":"post","link":"https:\/\/www.promendoza.com\/es\/el-sector-aeronautico-se-promociono-en-chile-y-prepara-un-evento-internacional-en-mendoza\/","title":{"rendered":"El sector aeron\u00e1utico se promocion\u00f3 en Chile y prepara un evento internacional en Mendoza"},"content":{"rendered":"<style type=\"text\/css\"><\/style>\n<figure class=\"wp-block-image\"><img alt=\"\"\/><\/figure>\n\n\n\n<hr class=\"wp-block-separator\"\/>\n\n\n\n<h5>Empresas de Mendoza especializadas en el sector aeron\u00e1utico que participaron en la Feria Internacional del Aire y del Espacio se reunieron con la presidenta de la Unidad ProMendoza, Patricia Gim\u00e9nez, para compartir sus conclusiones sobre el encuentro aeroespacial m\u00e1s grande de Latinoam\u00e9rica.<\/h5>\n\n\n\n<p>Participaron en representaci\u00f3n de Mendoza las empresas Aerotec, Telebit y Aeropac, que tuvieron contacto con organismos oficiales y gobiernos de varios pa\u00edses de la regi\u00f3n. Asistieron tambien algunos clientes privados, tanto del \u00e1rea civil como militar.&nbsp;&nbsp;<\/p>\n\n\n\n<p>\u201cPresentamos un avi\u00f3n bimotor de once plazas, el P-2012 Traveller, que es un avi\u00f3n<em>&nbsp;commuter.<\/em>&nbsp;Tambi\u00e9n ofrecimos un cuatro plazas y plaza bimotor y un par de aviones monomotores orientados a escuelas de vuelo y a su particular\u201d, informaron desde Aerotec.<\/p>\n\n\n\n<p>Es importante destacar que Aerotec -la \u00fanica f\u00e1brica de aviones civiles de Argentina- firm\u00f3 un convenio con una empresa chilena que proyecta realizar una inversi\u00f3n en Mendoza y montar un centro de formaci\u00f3n de pilotos con la empresa mendocina operando como escuela de vuelos.&nbsp;<\/p>\n\n\n\n<p>H\u00e9ctor Santamarina, representante de Aerotec Argentina, asegur\u00f3 que en FIDAE, su empresa tuvo la oportunidad de visualizar distintas oportunidades de negocios, tanto en el \u00e1mbito de producci\u00f3n de aeronaves, como en el \u00e1mbito de formaci\u00f3n de personal aeron\u00e1utico. \u201cTenemos buenas expectativas en el mercado latinoamericano y, b\u00e1sicamente, hemos visto un gran apoyo por parte de ProMendoza y nos hemos sentido muy bien acompa\u00f1ados por todas las empresas que integran el cl\u00faster. As\u00ed que, de cara al futuro, vemos una muy buena proyecci\u00f3n y eso nos alienta a seguir trabajando en forma conjunta\u201d, indic\u00f3.&nbsp;&nbsp;<\/p>\n\n\n\n<p>Por su parte, Gabriel Lagotti, gerente de la empresa Telebit, asegur\u00f3 que el sector aeroespacial muestra mucha proyecci\u00f3n comercial. \u201cSi bien somos una empresa de ingenier\u00eda dedicada fundamentalmente a servicios para industrias extractivas, petroleras y mineras, desde hace dos a\u00f1os formamos parte del Cl\u00faster Aeroespacial Mendoza. Este cl\u00faster tiene la visi\u00f3n de reunir a empresas que brinden servicios para la industria aeron\u00e1utica y estamos trabajando para su desarrollo\u201d, sostuvo.<\/p>\n\n\n\n<p>Lagotti destac\u00f3 la capacidad de las empresas que hacen un an\u00e1lisis amplio de la realidad comercial y&nbsp;que, con \u201cpensamiento lateral, buscan ir hacia la incorporaci\u00f3n de nuevas industrias, como la aeroespacial, logrando grandes metas de facturaci\u00f3n. Hoy, el desaf\u00edo para nuestra provincia est\u00e1 en incorporar a este cl\u00faster a la mayor cantidad posible de empresarios para que se vea la capacidad que tiene esta industria no tradicional en nuestra provincia\u201d, resumi\u00f3 entusiasmado.<\/p>\n\n\n\n<p><strong>Una conferencia internacional en Mendoza<\/strong><\/p>\n\n\n\n<p>Del 28 al 31 de octubre, el Cl\u00faster Aeroespacial de Mendoza desarrollar\u00e1 un encuentro denominado&nbsp;<em>The future of PanAmerican Space Exploration<\/em>. Ser\u00e1 una conferencia que desarrollar\u00e1 la investigaci\u00f3n espacial de m\u00faltiples agencias y la exploraci\u00f3n del sistema solar, las ciencias de la Tierra, el clima espacial y la caracterizaci\u00f3n de exoplanetas a trav\u00e9s de misiones espaciales avanzadas, instrumentaci\u00f3n poderosa y m\u00e9todos modernos de IA\/ML (inteligencia artificial y&nbsp;<em>Machine Learning<\/em>, aprendizaje automatizado).<\/p>\n\n\n\n<p>Para m\u00e1s detalles, consultar&nbsp;<a href=\"http:\/\/www.panamspace.org\/\">Aqu\u00ed<\/a>&nbsp;<\/p>\n","protected":false},"excerpt":{"rendered":"<p>Empresas de Mendoza especializadas en el sector aeron\u00e1utico que participaron en la Feria Internacional del Aire y del Espacio se reunieron con la presidenta de la Unidad ProMendoza, Patricia Gim\u00e9nez,&#8230;<\/p>\n","protected":false},"author":1,"featured_media":14070,"comment_status":"closed","ping_status":"closed","sticky":false,"template":"","format":"image","meta":[],"categories":[122],"tags":[],"_links":{"self":[{"href":"https:\/\/www.promendoza.com\/es\/wp-json\/wp\/v2\/posts\/14058"}],"collection":[{"href":"https:\/\/www.promendoza.com\/es\/wp-json\/wp\/v2\/posts"}],"about":[{"href":"https:\/\/www.promendoza.com\/es\/wp-json\/wp\/v2\/types\/post"}],"author":[{"embeddable":true,"href":"https:\/\/www.promendoza.com\/es\/wp-json\/wp\/v2\/users\/1"}],"replies":[{"embeddable":true,"href":"https:\/\/www.promendoza.com\/es\/wp-json\/wp\/v2\/comments?post=14058"}],"version-history":[{"count":2,"href":"https:\/\/www.promendoza.com\/es\/wp-json\/wp\/v2\/posts\/14058\/revisions"}],"predecessor-version":[{"id":14075,"href":"https:\/\/www.promendoza.com\/es\/wp-json\/wp\/v2\/posts\/14058\/revisions\/14075"}],"wp:featuredmedia":[{"embeddable":true,"href":"https:\/\/www.promendoza.com\/es\/wp-json\/wp\/v2\/media\/14070"}],"wp:attachment":[{"href":"https:\/\/www.promendoza.com\/es\/wp-json\/wp\/v2\/media?parent=14058"}],"wp:term":[{"taxonomy":"category","embeddable":true,"href":"https:\/\/www.promendoza.com\/es\/wp-json\/wp\/v2\/categories?post=14058"},{"taxonomy":"post_tag","embeddable":true,"href":"https:\/\/www.promendoza.com\/es\/wp-json\/wp\/v2\/tags?post=14058"}],"curies":[{"name":"wp","href":"https:\/\/api.w.org\/{rel}","templated":true}]}}