{"id":14201,"date":"2024-06-04T12:59:12","date_gmt":"2024-06-04T15:59:12","guid":{"rendered":"https:\/\/www.promendoza.com\/es\/?p=14201"},"modified":"2024-06-04T13:07:55","modified_gmt":"2024-06-04T16:07:55","slug":"promendoza-propone-una-alianza-al-sur-de-brasil-tras-las-inundaciones","status":"publish","type":"post","link":"https:\/\/www.promendoza.com\/es\/promendoza-propone-una-alianza-al-sur-de-brasil-tras-las-inundaciones\/","title":{"rendered":"ProMendoza propone una alianza al Sur de Brasil tras las inundaciones"},"content":{"rendered":"<style type=\"text\/css\"><\/style>\n<figure class=\"wp-block-image\"><img alt=\"\"\/><\/figure>\n\n\n\n<h5>Representantes de ambos pa\u00edses se reunieron de manera virtual para acordar acciones a seguir.<\/h5>\n\n\n\n<p>La presidenta de la Unidad ProMendoza, Patricia Gim\u00e9nez, se reuni\u00f3 de manera virtual con el nuevo c\u00f3nsul general de Argentina en Porto Alegre, Gabriel Servetto, y con los adjuntos Hern\u00e1n Palmieri y Mat\u00edas Gim\u00e9nez Costanzi, para expresar solidaridad, en este momento de adversidad, con la comunidad de R\u00edo Grande del Sur por las recientes inundaciones que han dejado una marca indeleble en la regi\u00f3n, y las p\u00e9rdidas que han experimentado.&nbsp;&nbsp;<\/p>\n\n\n\n<p>\u201cEntendemos que la p\u00e9rdida de cultivos y la destrucci\u00f3n de la producci\u00f3n agr\u00edcola no solo representan una crisis econ\u00f3mica, sino tambi\u00e9n la privaci\u00f3n de lo conseguido con el esfuerzo de a\u00f1os\u201d, expres\u00f3 Gim\u00e9nez.&nbsp;&nbsp;&nbsp;&nbsp;<\/p>\n\n\n\n<p>Por esta raz\u00f3n, la presidenta de la Unidad ProMendoza les ofreci\u00f3 una alianza estrat\u00e9gica con empresas brasileras que no puedan cumplir sus contratos por falta de productos locales.&nbsp;\u201cMientras sus tierras se recuperan, desde Mendoza hemos puesto a disposici\u00f3n la oferta exportable y que ProMendoza sea una v\u00eda de comunicaci\u00f3n con las pymes de esta provincia para darle m\u00e1s agilidad a los negocios\u201d, asegur\u00f3 Gim\u00e9nez.&nbsp;<\/p>\n\n\n\n<p>\u201cPusimos a disposici\u00f3n una variedad de productos de alta calidad cultivados en nuestra tierra. Desde frutas frescas y desecadas hasta vinos de alta calidad. Tambi\u00e9n, todo nuestro asesoramiento t\u00e9cnico. Nuestros expertos en agricultura y agroindustria est\u00e1n disponibles para brindar asesoramiento, si necesitan orientaci\u00f3n sobre cultivos, t\u00e9cnicas de producci\u00f3n o cualquier otro aspecto relacionado\u201d, resumi\u00f3 Gim\u00e9nez. Luego agreg\u00f3: \u201cFacilitaremos los v\u00ednculos entre las empresas afectadas en R\u00edo Grande del Sur y nuestros productores y exportadores. Queremos establecer conexiones genuinas y transparentes para que puedan acceder a los recursos que necesitan\u201d.<\/p>\n","protected":false},"excerpt":{"rendered":"<p>Representantes de ambos pa\u00edses se reunieron de manera virtual para acordar acciones a seguir. La presidenta de la Unidad ProMendoza, Patricia Gim\u00e9nez, se reuni\u00f3 de manera virtual con el nuevo&#8230;<\/p>\n","protected":false},"author":1,"featured_media":14202,"comment_status":"closed","ping_status":"closed","sticky":false,"template":"","format":"image","meta":[],"categories":[100],"tags":[],"_links":{"self":[{"href":"https:\/\/www.promendoza.com\/es\/wp-json\/wp\/v2\/posts\/14201"}],"collection":[{"href":"https:\/\/www.promendoza.com\/es\/wp-json\/wp\/v2\/posts"}],"about":[{"href":"https:\/\/www.promendoza.com\/es\/wp-json\/wp\/v2\/types\/post"}],"author":[{"embeddable":true,"href":"https:\/\/www.promendoza.com\/es\/wp-json\/wp\/v2\/users\/1"}],"replies":[{"embeddable":true,"href":"https:\/\/www.promendoza.com\/es\/wp-json\/wp\/v2\/comments?post=14201"}],"version-history":[{"count":2,"href":"https:\/\/www.promendoza.com\/es\/wp-json\/wp\/v2\/posts\/14201\/revisions"}],"predecessor-version":[{"id":14204,"href":"https:\/\/www.promendoza.com\/es\/wp-json\/wp\/v2\/posts\/14201\/revisions\/14204"}],"wp:featuredmedia":[{"embeddable":true,"href":"https:\/\/www.promendoza.com\/es\/wp-json\/wp\/v2\/media\/14202"}],"wp:attachment":[{"href":"https:\/\/www.promendoza.com\/es\/wp-json\/wp\/v2\/media?parent=14201"}],"wp:term":[{"taxonomy":"category","embeddable":true,"href":"https:\/\/www.promendoza.com\/es\/wp-json\/wp\/v2\/categories?post=14201"},{"taxonomy":"post_tag","embeddable":true,"href":"https:\/\/www.promendoza.com\/es\/wp-json\/wp\/v2\/tags?post=14201"}],"curies":[{"name":"wp","href":"https:\/\/api.w.org\/{rel}","templated":true}]}}