{"id":14255,"date":"2024-06-14T11:45:40","date_gmt":"2024-06-14T14:45:40","guid":{"rendered":"https:\/\/www.promendoza.com\/es\/?p=14255"},"modified":"2024-06-14T11:45:55","modified_gmt":"2024-06-14T14:45:55","slug":"promendoza-y-la-coviar-analizaron-lineas-de-trabajo-en-conjunto","status":"publish","type":"post","link":"https:\/\/www.promendoza.com\/es\/promendoza-y-la-coviar-analizaron-lineas-de-trabajo-en-conjunto\/","title":{"rendered":"ProMendoza y la Coviar analizaron l\u00edneas de trabajo en conjunto"},"content":{"rendered":"<style type=\"text\/css\"><\/style>\n<figure class=\"wp-block-image\"><img alt=\"\"\/><\/figure>\n\n\n\n<h1><\/h1>\n\n\n\n<hr class=\"wp-block-separator\"\/>\n\n\n\n<p>El objetivo de que la vitivinicultura argentina incremente su participaci\u00f3n en el mercado internacional y que m\u00e1s empresas y bodegas exporten es uno de los ejes centrales del Plan Estrat\u00e9gico Vitivin\u00edcola (PEVI), en su actualizaci\u00f3n a 2030.<\/p>\n\n\n\n<p>La presidenta de&nbsp;ProMendoza visit\u00f3 la Corporaci\u00f3n Vitivin\u00edcola Argentina (Coviar) como parte de una agenda abierta de trabajo para informar sobre los programas vigentes y la asistencia a nuevos exportadores, sobre todo pymes.<\/p>\n\n\n\n<p>Adem\u00e1s, se present\u00f3 el cronograma de ferias internacionales en las que se est\u00e1 invitando a bodegas a participar con sus vinos y los programas de cr\u00e9dito y financiamiento vigentes para promover las exportaciones.<\/p>\n\n\n\n<p>La reuni\u00f3n de trabajo estuvo encabezada por Patricia Gim\u00e9nez, titular de la Unidad ProMendoza; junto a Fernando Urdaniz, coordinador de Promoci\u00f3n Comercial. Por la Coviar estuvieron presentes Adolfo Brennan, miembro del Directorio y responsable de la Unidad Ejecutora de Pymes Exportadoras; Carlos Tizio, presidente del Instituto Nacional de Vitivinicultura (INV) y tambi\u00e9n miembro del Directorio de la Coviar; Jos\u00e9 Bartolucci, presidente de la C\u00e1mara Argentina de Vinos a Granel, y Carlos Fiochetta, gerente de esa corporaci\u00f3n.<\/p>\n\n\n\n<p>\u201cEstamos analizando nuestros principales destinos de exportaci\u00f3n y detectando una gran cantidad de mercados, sobre todo regionales, que est\u00e1n ofreciendo buenas oportunidades en especial para las bodegas pymes. Estamos decididos a trabajar para llegar a m\u00e1s mercados con nuestros vinos\u201d, afirm\u00f3 Patricia Gim\u00e9nez.<\/p>\n\n\n\n<p>\u201cAgradecemos la presencia a ProMendoza y a su equipo consolidado de trabajo. Aqu\u00ed el objetivo com\u00fan es que crezca la vitivinicultura y darle apoyo a quienes no tienen la estructura o el conocimiento para exportar m\u00e1s y con mayor valor agregado\u201d, resalt\u00f3 Adolfo Brennan, quien lidera el trabajo de pymes exportadoras, una unidad ejecutora que se cre\u00f3 dentro de Coviar para ayudar a internacionalizar a m\u00e1s bodegas.<\/p>\n\n\n\n<p>Por su parte, Jos\u00e9 Bartolucci, titular de la C\u00e1mara Argentina de Vinos a Granel, destac\u00f3: \u201cEstamos a disposici\u00f3n para seguir ayudando y trabajando para posicionar m\u00e1s y mejor al vino argentino, en nuestro caso los vinos a granel, en los mercados internacionales y agradecemos al Gobierno de Mendoza por el apoyo\u201d.<\/p>\n\n\n\n<p>Durante la reuni\u00f3n, en la que tambi\u00e9n estuvieron presentes los equipos t\u00e9cnicos de ProMendoza y de la Coviar, se acord\u00f3 seguir trabajando de forma articulada con el objetivo de integrar acciones para fortalecer la promoci\u00f3n de las exportaciones vitivin\u00edcolas.<\/p>\n","protected":false},"excerpt":{"rendered":"<p>El objetivo de que la vitivinicultura argentina incremente su participaci\u00f3n en el mercado internacional y que m\u00e1s empresas y bodegas exporten es uno de los ejes centrales del Plan Estrat\u00e9gico&#8230;<\/p>\n","protected":false},"author":1,"featured_media":14256,"comment_status":"closed","ping_status":"closed","sticky":false,"template":"","format":"image","meta":[],"categories":[54],"tags":[],"_links":{"self":[{"href":"https:\/\/www.promendoza.com\/es\/wp-json\/wp\/v2\/posts\/14255"}],"collection":[{"href":"https:\/\/www.promendoza.com\/es\/wp-json\/wp\/v2\/posts"}],"about":[{"href":"https:\/\/www.promendoza.com\/es\/wp-json\/wp\/v2\/types\/post"}],"author":[{"embeddable":true,"href":"https:\/\/www.promendoza.com\/es\/wp-json\/wp\/v2\/users\/1"}],"replies":[{"embeddable":true,"href":"https:\/\/www.promendoza.com\/es\/wp-json\/wp\/v2\/comments?post=14255"}],"version-history":[{"count":2,"href":"https:\/\/www.promendoza.com\/es\/wp-json\/wp\/v2\/posts\/14255\/revisions"}],"predecessor-version":[{"id":14258,"href":"https:\/\/www.promendoza.com\/es\/wp-json\/wp\/v2\/posts\/14255\/revisions\/14258"}],"wp:featuredmedia":[{"embeddable":true,"href":"https:\/\/www.promendoza.com\/es\/wp-json\/wp\/v2\/media\/14256"}],"wp:attachment":[{"href":"https:\/\/www.promendoza.com\/es\/wp-json\/wp\/v2\/media?parent=14255"}],"wp:term":[{"taxonomy":"category","embeddable":true,"href":"https:\/\/www.promendoza.com\/es\/wp-json\/wp\/v2\/categories?post=14255"},{"taxonomy":"post_tag","embeddable":true,"href":"https:\/\/www.promendoza.com\/es\/wp-json\/wp\/v2\/tags?post=14255"}],"curies":[{"name":"wp","href":"https:\/\/api.w.org\/{rel}","templated":true}]}}