{"id":14306,"date":"2024-07-10T14:42:19","date_gmt":"2024-07-10T17:42:19","guid":{"rendered":"https:\/\/www.promendoza.com\/es\/?p=14306"},"modified":"2024-07-10T14:46:44","modified_gmt":"2024-07-10T17:46:44","slug":"convocan-a-una-agenda-de-negocios-con-un-importador-de-brasil","status":"publish","type":"post","link":"https:\/\/www.promendoza.com\/es\/convocan-a-una-agenda-de-negocios-con-un-importador-de-brasil\/","title":{"rendered":"Convocan a una agenda de negocios con un importador de Brasil"},"content":{"rendered":"<style type=\"text\/css\"><\/style>\n<figure class=\"wp-block-image\"><img alt=\"\"\/><\/figure>\n\n\n\n<p>ProMendoza invita a participar a empresas de alimentos de la provincia a una agenda de negocios con un importador del Grupo FECOAGRO de Brasil. La agenda se realizar\u00e1 en los tres oasis de la provincia del 5 al 8 de agosto.La actividad es sin costo, pero requiere inscripci\u00f3n, ya que posee cupos limitados. El cierre de inscripci\u00f3n es el pr\u00f3ximo 20 de julio. Para m\u00e1s informaci\u00f3n comunicarse con Gaetano Aguilera Prisco\u00a0<a rel=\"noreferrer noopener\" href=\"mailto:gprisco@promendoza.com\" target=\"_blank\">gprisco@promendoza.com<\/a><\/p>\n\n\n\n<p>FECOAGRO es la Federaci\u00f3n de Cooperativas de Alimentos de Brasil con m\u00e1s de 48 a\u00f1os de trayectoria, que re\u00fane a 10 cooperativas \u00fanicas y una Cooperativa Central, que emplean de manera conjunta a 56 mil personas y cuentan con m\u00e1s de 71 mil socios en su planilla. Se trata de una sociedad cooperativa de segundo grado, que busca optimizar los negocios conjuntos, reducir costos, fomentar la integraci\u00f3n y la intercooperaci\u00f3n en el estado de Santa Catarina. Es, adem\u00e1s, un brazo econ\u00f3mico de un grupo de cooperativas agr\u00edcolas de negocios comunes y ha sido portavoz de las demandas pol\u00edticas e institucionales del sistema agr\u00edcola. Tambi\u00e9n es el principal movilizador de la opini\u00f3n p\u00fablica \u2013 interna y externa \u2013 en la difusi\u00f3n del cooperativismo y del agronegocio en ese estado. Busca en esta ocasi\u00f3n, incorporar a su portfolio de compras alimentos frescos y procesados, tales como, frutas para industria, hortalizas en conservas, hortalizas frescas, deshidratados, aceitunas y aceite de oliva, entre otros. <\/p>\n\n\n\n<p>La agenda d\u00eda a d\u00eda<\/p>\n\n\n\n<p>El programa del importador comenzar\u00e1 el lunes 5 de agosto en las oficinas de PASIP &#8211; Ruta Nacional 7 Acceso Este y Carril San Pedro-, San Mart\u00edn. Luego, el Martes 6 y mi\u00e9rcoles 7, el desarrollo de la agenda de negocios ser\u00e1 en la sede principal de ProMendoza -Sarmiento 212, Piso 1, Ciudad de Mendoza- de 9 a 13 hs. y de 14:30 a 16:00 hs.El jueves 8, el importador de Brasil se trasladar\u00e1 a San Rafael para reunirse con las empresas inscriptas del sur. Se reunir\u00e1n en la C\u00e1mara de Industria y Comercio de San Rafael, en Av. El Libertador 78.<\/p>\n","protected":false},"excerpt":{"rendered":"<p>ProMendoza invita a participar a empresas de alimentos de la provincia a una agenda de negocios con un importador del Grupo FECOAGRO de Brasil. La agenda se realizar\u00e1 en los&#8230;<\/p>\n","protected":false},"author":1,"featured_media":14307,"comment_status":"closed","ping_status":"closed","sticky":false,"template":"","format":"image","meta":[],"categories":[110],"tags":[],"_links":{"self":[{"href":"https:\/\/www.promendoza.com\/es\/wp-json\/wp\/v2\/posts\/14306"}],"collection":[{"href":"https:\/\/www.promendoza.com\/es\/wp-json\/wp\/v2\/posts"}],"about":[{"href":"https:\/\/www.promendoza.com\/es\/wp-json\/wp\/v2\/types\/post"}],"author":[{"embeddable":true,"href":"https:\/\/www.promendoza.com\/es\/wp-json\/wp\/v2\/users\/1"}],"replies":[{"embeddable":true,"href":"https:\/\/www.promendoza.com\/es\/wp-json\/wp\/v2\/comments?post=14306"}],"version-history":[{"count":3,"href":"https:\/\/www.promendoza.com\/es\/wp-json\/wp\/v2\/posts\/14306\/revisions"}],"predecessor-version":[{"id":14310,"href":"https:\/\/www.promendoza.com\/es\/wp-json\/wp\/v2\/posts\/14306\/revisions\/14310"}],"wp:featuredmedia":[{"embeddable":true,"href":"https:\/\/www.promendoza.com\/es\/wp-json\/wp\/v2\/media\/14307"}],"wp:attachment":[{"href":"https:\/\/www.promendoza.com\/es\/wp-json\/wp\/v2\/media?parent=14306"}],"wp:term":[{"taxonomy":"category","embeddable":true,"href":"https:\/\/www.promendoza.com\/es\/wp-json\/wp\/v2\/categories?post=14306"},{"taxonomy":"post_tag","embeddable":true,"href":"https:\/\/www.promendoza.com\/es\/wp-json\/wp\/v2\/tags?post=14306"}],"curies":[{"name":"wp","href":"https:\/\/api.w.org\/{rel}","templated":true}]}}