{"id":14331,"date":"2024-07-18T10:06:00","date_gmt":"2024-07-18T13:06:00","guid":{"rendered":"https:\/\/www.promendoza.com\/es\/?p=14331"},"modified":"2024-08-07T10:46:25","modified_gmt":"2024-08-07T13:46:25","slug":"empresario-danes-se-reunio-con-pymes-que-producen-frutas-secas-y-desecadas","status":"publish","type":"post","link":"https:\/\/www.promendoza.com\/es\/empresario-danes-se-reunio-con-pymes-que-producen-frutas-secas-y-desecadas\/","title":{"rendered":"Empresario dan\u00e9s se reuni\u00f3 con pymes que producen frutas secas y desecadas"},"content":{"rendered":"<style type=\"text\/css\"><\/style>\n<figure class=\"wp-block-image\"><img alt=\"\"\/><\/figure>\n\n\n\n<p><br>Un importador de Dinamarca visit\u00f3 la provincia para contactar a productores de frutos secos y fruta deshidratada con el objetivo de hacer negocios con una cadena internacional que vende alimentos en los pa\u00edses escandinavos.El comprador dan\u00e9s es Bjarne Petersen, titular de JPM Tradings Aps y de MercoTuc, que &nbsp;a su vez es presidente de la C\u00e1mara Argentino-Danesa de Industria y Comercio.Petersen hace negocios de manera permanente con el norte de Europa, pero a la hora de buscar frutos secos y desecados considera a Mendoza como la mejor plaza para buscar producto.\u201cA pedido de esta compa\u00f1\u00eda danesa, he solicitado entrevistarme con empresas mendocinas para evaluar la oferta y desarrollar nuevas oportunidades de negocios\u201d, expres\u00f3 Petersen en su visita a ProMendoza en donde fue recibido por su titular, Patricia Gim\u00e9nez.M\u00e1s de una docena de pymes participaron de una agenda de negocios ofreciendo ciruelas, duraznos, tomates desecados, pasas de uva, almendras y nueces. La agenda de negocios se arm\u00f3 a partir de una convocatoria abierta que realiz\u00f3 ProMendoza para PyMes de toda la provincia.Se inscribieron para ofrecer sus productos: Yashar SRL, Agroindustrias Mondello SA, Los Prunos SRL, Flomen SA, Daniel Goldar, Productos Andinos Sa, La Rosita SA,La Delmira SA, Terrandes SA, Paladar Negro SA y Agr\u00edcola Mar\u00eda Vicente.<strong>Los negocios entre Mendoza y Escandinavia<\/strong>Bjarne Petersen lleva m\u00e1s de 40 a\u00f1os instalado en Argentina y propiciando los negocios con Escandinavia o Pa\u00edses N\u00f3rdicos, que es una regi\u00f3n geogr\u00e1fica y cultural del norte de Europa, compuesta por: Dinamarca, Noruega, Suecia, Islandia y Finlandia.Escandinavia le compra a nuestra provincia alimentos frescos y deshidratados por quince millones de d\u00f3lares aproximadamente, especialmente ajo, frutos secos, frutas desecadas, frutas naturales y vino.<\/p>\n","protected":false},"excerpt":{"rendered":"<p>Un importador de Dinamarca visit\u00f3 la provincia para contactar a productores de frutos secos y fruta deshidratada con el objetivo de hacer negocios con una cadena internacional que vende alimentos&#8230;<\/p>\n","protected":false},"author":1,"featured_media":14332,"comment_status":"closed","ping_status":"closed","sticky":false,"template":"","format":"image","meta":[],"categories":[124],"tags":[],"_links":{"self":[{"href":"https:\/\/www.promendoza.com\/es\/wp-json\/wp\/v2\/posts\/14331"}],"collection":[{"href":"https:\/\/www.promendoza.com\/es\/wp-json\/wp\/v2\/posts"}],"about":[{"href":"https:\/\/www.promendoza.com\/es\/wp-json\/wp\/v2\/types\/post"}],"author":[{"embeddable":true,"href":"https:\/\/www.promendoza.com\/es\/wp-json\/wp\/v2\/users\/1"}],"replies":[{"embeddable":true,"href":"https:\/\/www.promendoza.com\/es\/wp-json\/wp\/v2\/comments?post=14331"}],"version-history":[{"count":4,"href":"https:\/\/www.promendoza.com\/es\/wp-json\/wp\/v2\/posts\/14331\/revisions"}],"predecessor-version":[{"id":14429,"href":"https:\/\/www.promendoza.com\/es\/wp-json\/wp\/v2\/posts\/14331\/revisions\/14429"}],"wp:featuredmedia":[{"embeddable":true,"href":"https:\/\/www.promendoza.com\/es\/wp-json\/wp\/v2\/media\/14332"}],"wp:attachment":[{"href":"https:\/\/www.promendoza.com\/es\/wp-json\/wp\/v2\/media?parent=14331"}],"wp:term":[{"taxonomy":"category","embeddable":true,"href":"https:\/\/www.promendoza.com\/es\/wp-json\/wp\/v2\/categories?post=14331"},{"taxonomy":"post_tag","embeddable":true,"href":"https:\/\/www.promendoza.com\/es\/wp-json\/wp\/v2\/tags?post=14331"}],"curies":[{"name":"wp","href":"https:\/\/api.w.org\/{rel}","templated":true}]}}