{"id":14450,"date":"2024-08-08T10:46:08","date_gmt":"2024-08-08T13:46:08","guid":{"rendered":"https:\/\/www.promendoza.com\/es\/?p=14450"},"modified":"2024-08-08T11:18:13","modified_gmt":"2024-08-08T14:18:13","slug":"ecuador-realizara-diversas-acciones-junto-al-gobierno-de-mendoza","status":"publish","type":"post","link":"https:\/\/www.promendoza.com\/es\/ecuador-realizara-diversas-acciones-junto-al-gobierno-de-mendoza\/","title":{"rendered":"Ecuador realizar\u00e1 diversas acciones junto al Gobierno de Mendoza"},"content":{"rendered":"<style type=\"text\/css\"><\/style>\n<figure class=\"wp-block-image\"><img alt=\"\"\/><\/figure>\n\n\n\n<h5><strong>Las acciones se realizar\u00e1n junto a ProMendoza, el Emetur y el Ministerio de Educaci\u00f3n, Cultura, Infancias y DGE, en el marco del 215\u00b0 aniversario del D\u00eda Nacional de Ecuador.<\/strong><\/h5>\n\n\n\n<p>En el caso de ProMendoza, se invita a un foro con Ecuador, que se desarrollar\u00e1 el viernes 9, con el objetivo de exportar m\u00e1s productos y vinos mendocinos. La actividad est\u00e1 dirigida a referentes de pymes mendocinas que deseen obtener informaci\u00f3n clave, con el objetivo de desarrollar negocios con este pa\u00eds del Pac\u00edfico.<\/p>\n\n\n\n<p>El encuentro virtual con empresarios y funcionarios ecuatorianos se realizar\u00e1 el 9 de agosto, de 12 a 13.30, no tiene costo pero requiere inscripci\u00f3n previa, a trav\u00e9s del siguiente enlaca:&nbsp;<a rel=\"noreferrer noopener\" href=\"http:\/\/bit.ly\/NegociosConEcuadorInscripciones\" target=\"_blank\">bit.ly\/NegociosConEcuadorInscripciones<\/a>.<\/p>\n\n\n\n<p>La exposici\u00f3n estar\u00e1 a cargo de la consejera comercial de Ecuador en Argentina, Elizabeth Barsallo, y contar\u00e1 con la presencia de la c\u00f3nsul honoraria de Ecuador en Mendoza, Bernardita Romero Kramarenko, adem\u00e1s de t\u00e9cnicos de ProMendoza y la titular de esa entidad, Patricia Gim\u00e9nez.<\/p>\n\n\n\n<p>El mismo viernes 9, de 16 a 17.30, junto al Emetur, se realizar\u00e1 el encuentro \u201cEcuador como destino tur\u00edstico\u201d, en la sede de AEHGA, Espejo 243 de Ciudad.<\/p>\n\n\n\n<p>Esta actividad est\u00e1 pensada para prestadores tur\u00edsticos locales y periodistas y busca presentar las bondades de aquel pa\u00eds, para tener en cuenta al momento de organizar un viaje.<\/p>\n\n\n\n<p>Finalmente, junto al Ministerio de Educaci\u00f3n, Cultura, Infancias y DGE, Ecuador realizar\u00e1 una degustaci\u00f3n de chocolates. Esta actividad es cerrada, para periodistas gastron\u00f3micos invitados y se realizar\u00e1 en el Museo Carlos Alonso-Mansi\u00f3n Stoppel.&nbsp;&nbsp;<\/p>\n\n\n\n<p>La c\u00f3nsul honoraria de Ecuador en Mendoza, Bernardita Romero Kramarenko, destac\u00f3 que el Gobierno de su pa\u00eds est\u00e1 \u201cdimensionando una Mendoza que ha ido creciendo, se ha internacionalizado y para nosotros tiene de verdad un posicionamiento que d\u00eda a d\u00eda va distingui\u00e9ndolo del resto de las provincias en el contexto del territorio argentino\u201d.<\/p>\n\n\n\n<p>La funcionaria ecuatoriana remarc\u00f3 que Mendoza \u201ces la puerta de arribo de nuestros productos, pensando que Ecuador usa la cuenca del Pac\u00edfico y la mayor\u00eda de sus productos entran por Mendoza\u201d.<\/p>\n\n\n\n<p><strong>Ecuador, destino estrat\u00e9gico<\/strong><\/p>\n\n\n\n<p>Ecuador tiene una poblaci\u00f3n de m\u00e1s de 18 millones de habitantes y un PBI per c\u00e1pita de 6.500 d\u00f3lares.<\/p>\n\n\n\n<p>Argentina se ubica en el<em>&nbsp;top ten&nbsp;<\/em>de pa\u00edses que exportan al Ecuador. Representa el 2,5% de las importaciones de ese pa\u00eds, superado por China, Estados Unidos, Colombia y Brasil, entre otros.<\/p>\n\n\n\n<p>Durante 2023, Mendoza export\u00f3 a ese pa\u00eds diversos productos primarios y tambi\u00e9n manufacturas de origen industrial y agropecuario por un valor cercano a los 10 millones de d\u00f3lares.<\/p>\n\n\n\n<p>Entre los principales productos primarios enviados se encuentran manzanas y peras. Tambi\u00e9n se exportaron aceitunas, frutas secas, pasta de frutas, legumbres, hortalizas y, por supuesto, vino.<\/p>\n\n\n\n<p>En materia tur\u00edstica, ofrece una muy buena oportunidad de apertura, tanto como destino emisivo como receptivo. La presentaci\u00f3n que se realizar\u00e1 junto al Emetur permitir\u00e1 a las agencias locales sumar un nuevo destino para comercializar.<\/p>\n","protected":false},"excerpt":{"rendered":"<p>Las acciones se realizar\u00e1n junto a ProMendoza, el Emetur y el Ministerio de Educaci\u00f3n, Cultura, Infancias y DGE, en el marco del 215\u00b0 aniversario del D\u00eda Nacional de Ecuador. En&#8230;<\/p>\n","protected":false},"author":1,"featured_media":14451,"comment_status":"closed","ping_status":"closed","sticky":false,"template":"","format":"image","meta":[],"categories":[107,54],"tags":[],"_links":{"self":[{"href":"https:\/\/www.promendoza.com\/es\/wp-json\/wp\/v2\/posts\/14450"}],"collection":[{"href":"https:\/\/www.promendoza.com\/es\/wp-json\/wp\/v2\/posts"}],"about":[{"href":"https:\/\/www.promendoza.com\/es\/wp-json\/wp\/v2\/types\/post"}],"author":[{"embeddable":true,"href":"https:\/\/www.promendoza.com\/es\/wp-json\/wp\/v2\/users\/1"}],"replies":[{"embeddable":true,"href":"https:\/\/www.promendoza.com\/es\/wp-json\/wp\/v2\/comments?post=14450"}],"version-history":[{"count":2,"href":"https:\/\/www.promendoza.com\/es\/wp-json\/wp\/v2\/posts\/14450\/revisions"}],"predecessor-version":[{"id":14453,"href":"https:\/\/www.promendoza.com\/es\/wp-json\/wp\/v2\/posts\/14450\/revisions\/14453"}],"wp:featuredmedia":[{"embeddable":true,"href":"https:\/\/www.promendoza.com\/es\/wp-json\/wp\/v2\/media\/14451"}],"wp:attachment":[{"href":"https:\/\/www.promendoza.com\/es\/wp-json\/wp\/v2\/media?parent=14450"}],"wp:term":[{"taxonomy":"category","embeddable":true,"href":"https:\/\/www.promendoza.com\/es\/wp-json\/wp\/v2\/categories?post=14450"},{"taxonomy":"post_tag","embeddable":true,"href":"https:\/\/www.promendoza.com\/es\/wp-json\/wp\/v2\/tags?post=14450"}],"curies":[{"name":"wp","href":"https:\/\/api.w.org\/{rel}","templated":true}]}}