{"id":14559,"date":"2024-09-27T15:16:49","date_gmt":"2024-09-27T18:16:49","guid":{"rendered":"https:\/\/www.promendoza.com\/es\/?p=14559"},"modified":"2024-09-27T19:17:48","modified_gmt":"2024-09-27T22:17:48","slug":"pymes-mendocinas-participaron-en-la-feria-expoalimentaria-de-peru","status":"publish","type":"post","link":"https:\/\/www.promendoza.com\/es\/pymes-mendocinas-participaron-en-la-feria-expoalimentaria-de-peru\/","title":{"rendered":"Pymes mendocinas participaron en la Feria Expoalimentaria de Per\u00fa"},"content":{"rendered":"<style type=\"text\/css\"><\/style>\n<figure class=\"wp-block-image\"><img alt=\"\"\/><\/figure>\n\n\n\n<h5>Acompa\u00f1ados por ProMendoza, una delegaci\u00f3n de empresarios mendocinos particip\u00f3 de la Expoalimentaria 2024, uno de los eventos m\u00e1s importantes del sector agroalimentario de Am\u00e9rica Latina. Se desarroll\u00f3 en Lima, Per\u00fa, del 25 al 27 de septiembre.<\/h5>\n\n\n\n<p>Empresarios mendocinos estuvieron en la Expoalimentaria 2024 que se realiz\u00f3 esta semana en Lima, Per\u00fa. Organizada por ProMendoza, la misi\u00f3n comercial tuvo como objetivo fortalecer los lazos comerciales y explorar nuevas oportunidades de negocio en el mercado peruano.<\/p>\n\n\n\n<p>La delegaci\u00f3n estuvo encabezada por la titular de la Unidad ProMendoza, Patricia Gim\u00e9nez, y los t\u00e9cnicos Noelia de la Rosa y Guillermo Mart\u00ednez quienes acompa\u00f1aron a representantes de diversas industrias locales.<\/p>\n\n\n\n<p>Las empresas mendocinas que viajaron fueron: Almabras SA y UcoWines (especializados en vinos de alta calidad); Bianco y Nero (conocidos por sus chocolates artesanales, alfajores, bombones y trufas); Andes Federales (productores de vermuth a base de vinos mendocinos); Familia Carbonero (productores de vinos y aceites de oliva de alta calidad) y Berxa (Empresa de soluciones para equipamientos industriales).<\/p>\n\n\n\n<p>Adem\u00e1s, el equipo de ProMendoza llev\u00f3 muestras de Manjares de la Lela que hace sales especiales y participan como parte de la oferta mendocina en el stand nacional.<\/p>\n\n\n\n<p>\u201cRepresentamos a Mendoza, a sus productos y a sus servicios y acompa\u00f1amos a empresas mendocinas de todos los rubros. Han sido d\u00edas de intensa actividad, pero estamos muy contentos con lo que pudimos mostrar en este evento y los contactos que pudimos concretar entre nuestras pymes y posibles compradores\u201d, resumi\u00f3 Patricia Gim\u00e9nez quien cont\u00f3 que en paralelo se mantuvieron reuniones con distintos referentes pol\u00edticos y econ\u00f3micos del Per\u00fa buscando atraer inversiones a la provincia.<\/p>\n\n\n\n<p>Durante la Expoalimentaria, los empresarios mendocinos tuvieron la oportunidad de exhibir sus productos, participar en reuniones de negocios y establecer contactos con potenciales compradores y socios comerciales de todo el mundo.<\/p>\n\n\n\n<p>\u201cEsta feria me sorprendi\u00f3 por la organizaci\u00f3n. Tuvo muy buena colaboraci\u00f3n desde ProMendoza y una excelent\u00edsima convivencia entre los distintos expositores. Esto hizo que haya un grado de efectividad muy alta. No es una feria masiva pero de si de alt\u00edsima eficiencia en cuanto a los contactos y la validez de los mismos. Realmente estoy muy contento de haber participado. Es mucho el esfuerzo que implica para el Estado y para nosotros poder participar , pero vale la pena. Invito a que se sigan haciendo actividades as\u00ed\u201d, sostuvo el empresario Roberto Ag\u00fcero de Bianco &#038; Nero.<\/p>\n\n\n\n<p>En tanto que Manuel Ortega de la firma Andes Federales, que llev\u00f3 a Per\u00fa su Vermuth Federal, sum\u00f3: \u201cEs nuestra primera salida del pa\u00eds, nuestra primera misi\u00f3n exportadora, y la verdad que si no hubiese sido por el apoyo ProMendoza quiz\u00e1s no nos hubi\u00e9semos animado nunca a salir as\u00ed tan tempranamente. El nuestro es un proyecto que lleva un a\u00f1o en el mercado. Esta misi\u00f3n ha superado nuestras expectativas, sobre todo por la gran cantidad y la calidad de las reuniones que hemos tenido. Tambi\u00e9n por las rondas de negocios que ya ten\u00edamos a agendadas desde antes de venir lo que nos permiti\u00f3 estudiar a los posibles compradores. Volvemos con muy buenas expectativas de negocios, una muy concreta. Estamos muy contentos y esperamos que podamos seguir viajando en conjunto con ProMendoza\u201d.<\/p>\n\n\n\n<p><strong>El comercio entre Mendoza y Per\u00fa<\/strong><\/p>\n\n\n\n<p>En 2023, Mendoza export\u00f3 a Per\u00fa productos por un valor de aproximadamente USD 20 millones, destac\u00e1ndose principalmente en los sectores de vitivinicultura y procesados. Estos intercambios comerciales han mostrado una oportunidad constante en los \u00faltimos a\u00f1os, reflejando la importancia del mercado peruano para los productores mendocinos.<\/p>\n\n\n\n<p>La Expoalimentaria 2024 reuni\u00f3 a m\u00e1s de 650 expositores y recibi\u00f3 cerca de 50,000 visitantes, incluyendo compradores internacionales, distribuidores y representantes de cadenas de supermercados. Este evento es una plataforma clave para la promoci\u00f3n de productos agroalimentarios y la generaci\u00f3n de negocios a nivel global.<\/p>\n","protected":false},"excerpt":{"rendered":"<p>Acompa\u00f1ados por ProMendoza, una delegaci\u00f3n de empresarios mendocinos particip\u00f3 de la Expoalimentaria 2024, uno de los eventos m\u00e1s importantes del sector agroalimentario de Am\u00e9rica Latina. Se desarroll\u00f3 en Lima, Per\u00fa,&#8230;<\/p>\n","protected":false},"author":1,"featured_media":14560,"comment_status":"closed","ping_status":"closed","sticky":false,"template":"","format":"image","meta":[],"categories":[96],"tags":[],"_links":{"self":[{"href":"https:\/\/www.promendoza.com\/es\/wp-json\/wp\/v2\/posts\/14559"}],"collection":[{"href":"https:\/\/www.promendoza.com\/es\/wp-json\/wp\/v2\/posts"}],"about":[{"href":"https:\/\/www.promendoza.com\/es\/wp-json\/wp\/v2\/types\/post"}],"author":[{"embeddable":true,"href":"https:\/\/www.promendoza.com\/es\/wp-json\/wp\/v2\/users\/1"}],"replies":[{"embeddable":true,"href":"https:\/\/www.promendoza.com\/es\/wp-json\/wp\/v2\/comments?post=14559"}],"version-history":[{"count":3,"href":"https:\/\/www.promendoza.com\/es\/wp-json\/wp\/v2\/posts\/14559\/revisions"}],"predecessor-version":[{"id":14563,"href":"https:\/\/www.promendoza.com\/es\/wp-json\/wp\/v2\/posts\/14559\/revisions\/14563"}],"wp:featuredmedia":[{"embeddable":true,"href":"https:\/\/www.promendoza.com\/es\/wp-json\/wp\/v2\/media\/14560"}],"wp:attachment":[{"href":"https:\/\/www.promendoza.com\/es\/wp-json\/wp\/v2\/media?parent=14559"}],"wp:term":[{"taxonomy":"category","embeddable":true,"href":"https:\/\/www.promendoza.com\/es\/wp-json\/wp\/v2\/categories?post=14559"},{"taxonomy":"post_tag","embeddable":true,"href":"https:\/\/www.promendoza.com\/es\/wp-json\/wp\/v2\/tags?post=14559"}],"curies":[{"name":"wp","href":"https:\/\/api.w.org\/{rel}","templated":true}]}}