{"id":15159,"date":"2024-10-31T13:34:00","date_gmt":"2024-10-31T16:34:00","guid":{"rendered":"https:\/\/www.promendoza.com\/es\/?p=15159"},"modified":"2024-11-01T13:58:06","modified_gmt":"2024-11-01T16:58:06","slug":"vina-alta-una-bodega-que-comenzo-su-camino-exportador-acompanada-por-promendoza","status":"publish","type":"post","link":"https:\/\/www.promendoza.com\/es\/vina-alta-una-bodega-que-comenzo-su-camino-exportador-acompanada-por-promendoza\/","title":{"rendered":"Vi\u00f1a Alta, una bodega que comenz\u00f3 su camino exportador acompa\u00f1ada por ProMendoza"},"content":{"rendered":"<style type=\"text\/css\"><\/style>\n<figure class=\"wp-block-image\"><img alt=\"\"\/><\/figure>\n\n\n\n<h1><\/h1>\n\n\n\n<h5>La firma se focaliza para que sus exportaciones sean una parte importante de sus negocios, destacando el arduo recorrido y los desaf\u00edos superados para llevar sus vinos al mercado internacional. En 2023, sus ventas al exterior aumentaron a 60%.<\/h5>\n\n\n\n<p>La bodega familiar Vi\u00f1a Alta, de San Mart\u00edn, sigue creciendo en ventas en el mercado brasilero, un camino que comenz\u00f3 a recorrer de la mano de ProMendoza en 2022, luego de la participaci\u00f3n en una ronda inversa de vinos organizada ese a\u00f1o.<\/p>\n\n\n\n<p>\u201cLa exportaci\u00f3n siempre fue un desaf\u00edo para Vi\u00f1a Alta\u201d, asegur\u00f3 Emiliano Rico, uno de los integrantes de la bodega. Un primer cliente internacional que conocieron por ProMendoza, y que confi\u00f3 en la calidad de sus vinos, fue el punto de inflexi\u00f3n para vender en el exterior. \u201cEste empresario, que conocimos en una ronda de negocios organizada por ProMendoza, mostr\u00f3 gran inter\u00e9s desde el primer momento y decidi\u00f3 apostar por nuestros productos, a pesar de que nunca hab\u00edamos exportado antes\u201d, indic\u00f3.<\/p>\n\n\n\n<p>Hoy, Vi\u00f1a Alta se focaliza para que sus exportaciones sean una parte importante de sus negocios. Se destacan el arduo recorrido y los desaf\u00edos superados para llevar sus vinos al mercado internacional. El porcentaje de exportaci\u00f3n de la bodega ha variado significativamente. En 2022, el 90% de sus ventas fueron en el mercado nacional y el 10% destinado a exportaciones. Sin embargo, en 2023 esto cambi\u00f3. \u201cDebido a una ca\u00edda en el mercado interno, nuestras ventas al exterior aumentaron a 60%. Nuestro objetivo es equilibrar ambos mercados y crecer sin descuidar ninguno de ellos\u201d, dijo Rico.<\/p>\n\n\n\n<p><strong>Primera exportaci\u00f3n a Brasil<\/strong><\/p>\n\n\n\n<p>En 2022, Vi\u00f1a Alta realiz\u00f3 su primera exportaci\u00f3n enviando cuatro&nbsp;<em>pallets&nbsp;<\/em>de vino al mercado brasile\u00f1o. Este primer env\u00edo incluy\u00f3 dos&nbsp;<em>pallets&nbsp;<\/em>de su vino m\u00e1s econ\u00f3mico y dos del reserva. \u201cDesde entonces, el cliente brasile\u00f1o ha seguido comprando y se ha convertido en uno de nuestros mayores importadores, logrando una relaci\u00f3n comercial s\u00f3lida y de confianza. En agosto pasado, enviamos un cami\u00f3n completo con 12&nbsp;<em>pallets&nbsp;<\/em>de vino, distribuidos en el sur de Brasil. Este crecimiento ha sido posible gracias a nuestra estrategia de trabajar con distribuidores e importadores peque\u00f1os, lo que nos permite controlar mejor el producto y mantener una relaci\u00f3n cercana con nuestros clientes\u201d, explic\u00f3 Rico.<\/p>\n\n\n\n<p><strong>Participaci\u00f3n en ferias internacionales<\/strong><\/p>\n\n\n\n<p>La participaci\u00f3n en ferias como ProWine Brasil ha sido fundamental para la estrategia de crecimiento. \u201cA pesar de las advertencias sobre las expectativas, nuestra inversi\u00f3n en esa feria result\u00f3 en la adquisici\u00f3n de tres nuevos importadores importantes en San Pablo, R\u00edo de Janeiro y Minas Gerais. Este \u00e9xito se debe a nuestra estrategia de&nbsp;<em>networking,&nbsp;<\/em>que consiste en distribuir miles de tarjetas y hablar con todos los posibles importadores, adem\u00e1s de que nuestros vinos tienen buena recepci\u00f3n\u201d, concluy\u00f3.<\/p>\n\n\n\n<p><strong>Visi\u00f3n de futuro<\/strong><\/p>\n\n\n\n<p>Vi\u00f1a Alta es una bodega familiar gestionada por varias generaciones. Desde la incorporaci\u00f3n de Valentina Iudica, hija del matrimonio fundador, en 1996, la empresa evolucion\u00f3. Pasaron de ser productores de granel a fraccionar y etiquetar vinos propios. En 2016, comenzaron a vender botellas de 750 ml, lo que marc\u00f3 el inicio de una nueva era para la bodega.<\/p>\n\n\n\n<p>Actualmente, Vi\u00f1a Alta ofrece varias l\u00edneas de vino, incluyendo Tupac, Esencial, Yato y Cordillera, cada una con su propia identidad y \u00e9xito en el mercado. El nombre de la bodega, inspirado en los vi\u00f1edos altos que dise\u00f1\u00f3 el fundador, refleja la historia y tradici\u00f3n de esa familia del Este mendocino.<\/p>\n","protected":false},"excerpt":{"rendered":"<p>La firma se focaliza para que sus exportaciones sean una parte importante de sus negocios, destacando el arduo recorrido y los desaf\u00edos superados para llevar sus vinos al mercado internacional&#8230;.<\/p>\n","protected":false},"author":1,"featured_media":15160,"comment_status":"closed","ping_status":"closed","sticky":false,"template":"","format":"image","meta":[],"categories":[47],"tags":[],"_links":{"self":[{"href":"https:\/\/www.promendoza.com\/es\/wp-json\/wp\/v2\/posts\/15159"}],"collection":[{"href":"https:\/\/www.promendoza.com\/es\/wp-json\/wp\/v2\/posts"}],"about":[{"href":"https:\/\/www.promendoza.com\/es\/wp-json\/wp\/v2\/types\/post"}],"author":[{"embeddable":true,"href":"https:\/\/www.promendoza.com\/es\/wp-json\/wp\/v2\/users\/1"}],"replies":[{"embeddable":true,"href":"https:\/\/www.promendoza.com\/es\/wp-json\/wp\/v2\/comments?post=15159"}],"version-history":[{"count":2,"href":"https:\/\/www.promendoza.com\/es\/wp-json\/wp\/v2\/posts\/15159\/revisions"}],"predecessor-version":[{"id":15162,"href":"https:\/\/www.promendoza.com\/es\/wp-json\/wp\/v2\/posts\/15159\/revisions\/15162"}],"wp:featuredmedia":[{"embeddable":true,"href":"https:\/\/www.promendoza.com\/es\/wp-json\/wp\/v2\/media\/15160"}],"wp:attachment":[{"href":"https:\/\/www.promendoza.com\/es\/wp-json\/wp\/v2\/media?parent=15159"}],"wp:term":[{"taxonomy":"category","embeddable":true,"href":"https:\/\/www.promendoza.com\/es\/wp-json\/wp\/v2\/categories?post=15159"},{"taxonomy":"post_tag","embeddable":true,"href":"https:\/\/www.promendoza.com\/es\/wp-json\/wp\/v2\/tags?post=15159"}],"curies":[{"name":"wp","href":"https:\/\/api.w.org\/{rel}","templated":true}]}}