{"id":15209,"date":"2024-11-18T08:56:00","date_gmt":"2024-11-18T11:56:00","guid":{"rendered":"https:\/\/www.promendoza.com\/es\/?p=15209"},"modified":"2024-11-19T09:20:36","modified_gmt":"2024-11-19T12:20:36","slug":"promendoza-presento-la-oferta-exportable-de-la-provincia-a-la-republica-checa","status":"publish","type":"post","link":"https:\/\/www.promendoza.com\/es\/promendoza-presento-la-oferta-exportable-de-la-provincia-a-la-republica-checa\/","title":{"rendered":"ProMendoza present\u00f3 la oferta exportable de la provincia a la Rep\u00fablica Checa"},"content":{"rendered":"<style type=\"text\/css\"><\/style>\n<figure class=\"wp-block-image\"><img alt=\"\"\/><\/figure>\n\n\n\n<p><strong>La presidenta de la Unidad ProMendoza, Patricia Gim\u00e9nez, recibi\u00f3 a la embajadora de la Rep\u00fablica Checa en Argentina, Jarmila Povej\u0161ilov\u00e1, para fortalecer las relaciones bilaterales y la cooperaci\u00f3n entre regiones en el marco del an\u00e1lisis de los negocios conjuntos.<\/strong><\/p>\n\n\n\n<p>En la reuni\u00f3n estuvieron presentes, adem\u00e1s, el c\u00f3nsul general de Rep\u00fablica Checa en Buenos Aires, Filip Kanda, y el c\u00f3nsul honorario en Mendoza, Fabi\u00e1n Meil\u00e1n. Por ProMendoza participaron Noelia de la Rosa, Nicol\u00e1s Piazza y Gustavo Calandra.<\/p>\n\n\n\n<p>Desde ProMendoza se realiz\u00f3 una presentaci\u00f3n para mostrar a la provincia como destino de inversiones. Tambi\u00e9n se mostr\u00f3 lo que se produce en materia de alimentos, bebidas, manufacturas industriales y servicios.<\/p>\n\n\n\n<p>Durante la reuni\u00f3n, la embajadora Povej\u0161ilov\u00e1 mostr\u00f3 su satisfacci\u00f3n por conocer Mendoza entre los primeros destinos a los que ha recorrido desde su llegada a la Argentina en septiembre.<\/p>\n\n\n\n<p>\u201cVeo en esta provincia tiene mucho que ofrecer a la Rep\u00fablica Checa. Hay un fuerte sector de miner\u00eda y nosotros tenemos una fuerte industria en defensa, por lo que necesitamos proveedores en esa industria. Veo una gran oportunidad comercial all\u00ed\u201d, dijo, y agreg\u00f3: \u201cSomos muy fuertes en el sector de desarrollo de videojuegos, por lo que nuestras empresas pueden complementarse con mucho \u00e9xito\u201d.<\/p>\n\n\n\n<p>Por su parte, la titular de ProMendoza le agradeci\u00f3 a la embajadora el inter\u00e9s por Mendoza y destac\u00f3 la importancia de que la funcionaria checa recorra el pa\u00eds a pocos meses de haber asumido en este nuevo rol. \u201cEs muy satisfactorio y clave que los embajadores extranjeros no se queden solo en Buenos Aires, conozcan el interior de pa\u00eds y vean con sus propios ojos todo lo que ofrece Mendoza. Hemos tenido una muy buena reuni\u00f3n de trabajo con nuestros equipos y seguramente seguiremos afianzando lazos entre las pymes mendocinas y las autoridades y empresas de la Rep\u00fablica Checa\u201d, indic\u00f3 Patricia Gim\u00e9nez.&nbsp;<\/p>\n\n\n\n<p><strong>Exportaciones de Mendoza a esa regi\u00f3n<\/strong><\/p>\n\n\n\n<p>En 2023, Mendoza export\u00f3 productos por un monto cercano a 17 millones de d\u00f3lares a Rep\u00fablica Checa y los pa\u00edses aleda\u00f1os, incluidos Alemania, Eslovaquia, Polonia, Hungr\u00eda, Austria y Alemania.<\/p>\n\n\n\n<p>Los productos integran desde frutas frescas y miel natural, hasta vino fraccionado y a granel y espumosos.<\/p>\n\n\n\n<p><strong>Carrera profesional de la embajadora<\/strong><\/p>\n\n\n\n<p>Jarmila Povej\u0161ilov\u00e1 ingres\u00f3 al Servicio Diplom\u00e1tico en 1995 y desde ese momento ha ocupado diferentes cargos diplom\u00e1ticos, entre ellos, la representaci\u00f3n permanente ante la Uni\u00f3n Europea en B\u00e9lgica. Tambi\u00e9n integr\u00f3 grupos de trabajo en Am\u00e9rica Latina, Asia y \u00c1frica.En septiembre pasado fue designada embajadora extraordinaria y plenipotenciaria de la Rep\u00fablica Checa ante la Rep\u00fablica Argentina, Rep\u00fablica Oriental del Uruguay y Rep\u00fablica del Paraguay.<\/p>\n\n\n\n<p>Naci\u00f3 en Praga y estudi\u00f3 en la Universidad de Carlos de esa ciudad y en la Academia Diplom\u00e1tica Andr\u00e9s Bello en Chile.&nbsp;<\/p>\n","protected":false},"excerpt":{"rendered":"<p>La presidenta de la Unidad ProMendoza, Patricia Gim\u00e9nez, recibi\u00f3 a la embajadora de la Rep\u00fablica Checa en Argentina, Jarmila Povej\u0161ilov\u00e1, para fortalecer las relaciones bilaterales y la cooperaci\u00f3n entre regiones&#8230;<\/p>\n","protected":false},"author":1,"featured_media":15210,"comment_status":"closed","ping_status":"closed","sticky":false,"template":"","format":"image","meta":[],"categories":[54],"tags":[],"_links":{"self":[{"href":"https:\/\/www.promendoza.com\/es\/wp-json\/wp\/v2\/posts\/15209"}],"collection":[{"href":"https:\/\/www.promendoza.com\/es\/wp-json\/wp\/v2\/posts"}],"about":[{"href":"https:\/\/www.promendoza.com\/es\/wp-json\/wp\/v2\/types\/post"}],"author":[{"embeddable":true,"href":"https:\/\/www.promendoza.com\/es\/wp-json\/wp\/v2\/users\/1"}],"replies":[{"embeddable":true,"href":"https:\/\/www.promendoza.com\/es\/wp-json\/wp\/v2\/comments?post=15209"}],"version-history":[{"count":2,"href":"https:\/\/www.promendoza.com\/es\/wp-json\/wp\/v2\/posts\/15209\/revisions"}],"predecessor-version":[{"id":15212,"href":"https:\/\/www.promendoza.com\/es\/wp-json\/wp\/v2\/posts\/15209\/revisions\/15212"}],"wp:featuredmedia":[{"embeddable":true,"href":"https:\/\/www.promendoza.com\/es\/wp-json\/wp\/v2\/media\/15210"}],"wp:attachment":[{"href":"https:\/\/www.promendoza.com\/es\/wp-json\/wp\/v2\/media?parent=15209"}],"wp:term":[{"taxonomy":"category","embeddable":true,"href":"https:\/\/www.promendoza.com\/es\/wp-json\/wp\/v2\/categories?post=15209"},{"taxonomy":"post_tag","embeddable":true,"href":"https:\/\/www.promendoza.com\/es\/wp-json\/wp\/v2\/tags?post=15209"}],"curies":[{"name":"wp","href":"https:\/\/api.w.org\/{rel}","templated":true}]}}