{"id":15411,"date":"2025-01-21T14:43:00","date_gmt":"2025-01-21T17:43:00","guid":{"rendered":"https:\/\/www.promendoza.com\/es\/?p=15411"},"modified":"2025-01-23T14:48:37","modified_gmt":"2025-01-23T17:48:37","slug":"convocan-a-mision-comercial-de-software-y-tecnologia-a-malaga-y-lisboa","status":"publish","type":"post","link":"https:\/\/www.promendoza.com\/es\/convocan-a-mision-comercial-de-software-y-tecnologia-a-malaga-y-lisboa\/","title":{"rendered":"Convocan a misi\u00f3n comercial de software y tecnolog\u00eda a M\u00e1laga y Lisboa"},"content":{"rendered":"<style type=\"text\/css\"><\/style>\n<figure class=\"wp-block-image\"><img alt=\"\"\/><\/figure>\n\n\n\n<p>Las empresas participantes tendr\u00e1n la oportunidad de mantener reuniones y realizar visitas a empresas l\u00edderes en los ecosistemas tecnol\u00f3gicos y de innovaci\u00f3n de M\u00e1laga y Lisboa. Adem\u00e1s, se organizar\u00e1n actividades de networking para facilitar el intercambio de ideas y potenciar la colaboraci\u00f3n internacional.<br>El Ministerio de Relaciones Exteriores, Comercio Internacional y Culto de la Rep\u00fablica Argentina, a trav\u00e9s de la Direcci\u00f3n de Promoci\u00f3n de Exportaciones de Servicios Basados en el Conocimiento, Industrias Creativas, Turismo y Deportes (DNTEC), y ProMendoza invitan a empresas de los sectores tecnol\u00f3gico, software y aplicaciones m\u00f3viles a participar en la misi\u00f3n comercial que se llevar\u00e1 a cabo en M\u00e1laga, Espa\u00f1a, el viernes 7 de marzo de 2025, y en Lisboa, Portugal, el lunes 10 y martes 11 de marzo de 2025.<\/p>\n\n\n\n<p>Esta misi\u00f3n se enmarca en el Mobile World Congress (MWC), el encuentro m\u00e1s importante de tecnolog\u00eda m\u00f3vil a nivel global, que re\u00fane en Barcelona, Espa\u00f1a, a los principales actores e instituciones del ecosistema tecnol\u00f3gico. Es una oportunidad \u00fanica para las empresas argentinas de conectarse con potenciales clientes, socios estrat\u00e9gicos y referentes internacionales del sector.<\/p>\n\n\n\n<p>Vale destacar tambi\u00e9n que la Agencia Argentina de Inversi\u00f3n y Comercio Internacional (AAICI) est\u00e1 coordinando la participaci\u00f3n de empresas argentinas en el stand nacional dentro del Mobile World Congress. Esta feria l\u00edder en tecnolog\u00eda de comunicaci\u00f3n m\u00f3vil, celebrada anualmente en Barcelona, tendr\u00e1 lugar del 3 al 6 de marzo de este a\u00f1o.<\/p>\n\n\n\n<p>Agenda de la misi\u00f3n comercial<\/p>\n\n\n\n<p>Durante la misi\u00f3n, las empresas participantes tendr\u00e1n la oportunidad de mantener reuniones y realizar visitas a empresas l\u00edderes en los ecosistemas tecnol\u00f3gicos y de innovaci\u00f3n de M\u00e1laga y Lisboa. Adem\u00e1s, se organizar\u00e1n actividades de networking para facilitar el intercambio de ideas y potenciar la colaboraci\u00f3n internacional.<\/p>\n\n\n\n<p>Vale aclarar que los costos de los pasajes, alojamiento, vi\u00e1ticos y otros gastos relacionados ser\u00e1n cubiertos por las empresas participantes.<\/p>\n\n\n\n<p>Fecha l\u00edmite de inscripci\u00f3n: 7 de febrero de 2025.<\/p>\n\n\n\n<p>Para acceder al formulario de inscripci\u00f3n y m\u00e1s informaci\u00f3n, hacer clic aqu\u00ed.<\/p>\n\n\n\n<p>Consultas:<br>\u2022 Tel\u00e9fono: +54 11 4819-7919 \/ 7575 \/ 8517<br>\u2022 Correo: nuevastecnologias@mrecic.gov.ar.<br>\u2022 Consultas espec\u00edficas para empresas de Mendoza: Dania Bonadeo, dbondeo@promendoza.com.<\/p>\n\n\n\n<p>Sobre el Mobile World Congress (MWC)<\/p>\n\n\n\n<p>El Mobile World Congress es la principal feria internacional en tecnolog\u00eda de comunicaci\u00f3n m\u00f3vil, celebrada anualmente en Barcelona.<\/p>\n\n\n\n<p>El MWC 2024, inaugurado por el Rey de Espa\u00f1a, reuni\u00f3 a m\u00e1s de 100.000 participantes y fue el epicentro de los avances en comunicaciones inal\u00e1mbricas, ofreciendo un espacio para conectar a expertos globales y aprender sobre los \u00faltimos desarrollos de la industria.<\/p>\n\n\n\n<p>La edici\u00f3n 2025 de la feria l\u00edder en tecnolog\u00eda de comunicaci\u00f3n m\u00f3vil tendr\u00e1 lugar del 3 al 6 de marzo.<\/p>\n","protected":false},"excerpt":{"rendered":"<p>Las empresas participantes tendr\u00e1n la oportunidad de mantener reuniones y realizar visitas a empresas l\u00edderes en los ecosistemas tecnol\u00f3gicos y de innovaci\u00f3n de M\u00e1laga y Lisboa. Adem\u00e1s, se organizar\u00e1n actividades&#8230;<\/p>\n","protected":false},"author":1,"featured_media":15412,"comment_status":"closed","ping_status":"closed","sticky":false,"template":"","format":"image","meta":[],"categories":[56],"tags":[],"_links":{"self":[{"href":"https:\/\/www.promendoza.com\/es\/wp-json\/wp\/v2\/posts\/15411"}],"collection":[{"href":"https:\/\/www.promendoza.com\/es\/wp-json\/wp\/v2\/posts"}],"about":[{"href":"https:\/\/www.promendoza.com\/es\/wp-json\/wp\/v2\/types\/post"}],"author":[{"embeddable":true,"href":"https:\/\/www.promendoza.com\/es\/wp-json\/wp\/v2\/users\/1"}],"replies":[{"embeddable":true,"href":"https:\/\/www.promendoza.com\/es\/wp-json\/wp\/v2\/comments?post=15411"}],"version-history":[{"count":2,"href":"https:\/\/www.promendoza.com\/es\/wp-json\/wp\/v2\/posts\/15411\/revisions"}],"predecessor-version":[{"id":15414,"href":"https:\/\/www.promendoza.com\/es\/wp-json\/wp\/v2\/posts\/15411\/revisions\/15414"}],"wp:featuredmedia":[{"embeddable":true,"href":"https:\/\/www.promendoza.com\/es\/wp-json\/wp\/v2\/media\/15412"}],"wp:attachment":[{"href":"https:\/\/www.promendoza.com\/es\/wp-json\/wp\/v2\/media?parent=15411"}],"wp:term":[{"taxonomy":"category","embeddable":true,"href":"https:\/\/www.promendoza.com\/es\/wp-json\/wp\/v2\/categories?post=15411"},{"taxonomy":"post_tag","embeddable":true,"href":"https:\/\/www.promendoza.com\/es\/wp-json\/wp\/v2\/tags?post=15411"}],"curies":[{"name":"wp","href":"https:\/\/api.w.org\/{rel}","templated":true}]}}