{"id":15509,"date":"2025-02-21T14:47:43","date_gmt":"2025-02-21T17:47:43","guid":{"rendered":"https:\/\/www.promendoza.com\/es\/?p=15509"},"modified":"2025-02-21T14:48:06","modified_gmt":"2025-02-21T17:48:06","slug":"destacada-participacion-de-las-empresas-mendocinas-en-gulfood-2025-y-un-balance-mas-que-positivo","status":"publish","type":"post","link":"https:\/\/www.promendoza.com\/es\/destacada-participacion-de-las-empresas-mendocinas-en-gulfood-2025-y-un-balance-mas-que-positivo\/","title":{"rendered":"Destacada participaci\u00f3n de las empresas mendocinas en Gulfood 2025 y un balance m\u00e1s que positivo"},"content":{"rendered":"<style type=\"text\/css\"><\/style>\n<figure class=\"wp-block-image\"><img alt=\"\"\/><\/figure>\n\n\n\n<p>Este viernes termin\u00f3 la 30\u00b0 edici\u00f3n de Gulfood, la feria de alimentos y bebidas m\u00e1s importante del Medio Oriente y una de las m\u00e1s convocantes del mundo entero. Las empresas mendocinas que participaron del mega evento en Dubai (Emiratos \u00c1rabes Unidos), que dur\u00f3 5 d\u00edas, tuvieron una destacada participaci\u00f3n y sus responsables aseguran que el balance de lo conseguido es \u201cm\u00e1s que positivo\u201d. En el evento, que est\u00e1 destinado a un&nbsp;publico&nbsp;profesional, hubo m\u00e1s de 5 mil expositores, de 129 pa\u00edses, y se calcula que la recorrieron unas 100 mil personas durante toda la semana.<\/p>\n\n\n\n<p>ProMendoza acompa\u00f1\u00f3 a las PyMes durante las 5 jornadas de trabajo. \u201cEl balance es muy positivo. Es una feria donde hay que estar. Es muy relevante para el sector de alimentos, no s\u00f3lo para Asia y Medio Oriente, sino que, por la relevancia &nbsp;que ha tomado, ya todo el sector de alimentos del mundo se encuentra aqu\u00ed en Dubai cada a\u00f1o\u201d, explic\u00f3 Gerardo Arribas, del sector Alimentos y Bebidas de ProMendoza, el organismo que busca la internacionalizaci\u00f3n de los bienes mendocinos.<\/p>\n\n\n\n<p>Arribas explic\u00f3 que en esta feria en particular funcionan muy bien \u201clas frutas secas y deshidratadas, como la nuez, la ciruela y las pasas. Tambi\u00e9n funcionan otros productos como la pulpa de fruta, y por eso tuvimos empresas relevantes de la provincia exponiendo\u201d.<\/p>\n\n\n\n<p>Para el equipo de ProMendoza, las jornadas tuvieron gran impacto que se contabilizan, por ejemplo, con cientos de encuentros comerciales entre nuestras PyMes e importadores extranjeros. \u201cSeguramente, cada empresa, tuvo m\u00e1s de 100 reuniones que son oportunidades reales de negocios\u201d, grafic\u00f3 Arribas.<\/p>\n\n\n\n<p>En misma sinton\u00eda se mostr\u00f3 Jacques Matas de Les Aliments, que desde Coquimbito env\u00eda sus golosinas y otros alimentos a muchos pa\u00edses. \u201cEsta feria es muy cosmopolita.&nbsp; Nos ha ido muy bien. Hemos tenido m\u00e1s de 100 contactos y tambi\u00e9n hemos podido vernos con compradores habituales. Nos llam\u00f3 la atenci\u00f3n este a\u00f1o la presencia de compradores de lugares como Sudam\u00e9rica y Europa\u201d, dijo el empresario que participa por quinta vez de Gulfood.<\/p>\n\n\n\n<p>Daniel Barbadillo, gerente comercial de Pietrelli, resalt\u00f3 que tuvieron una gran afluencia de clientes que tienen desde hace muchos a\u00f1os y tambi\u00e9n recibieron en su stand a potenciales&nbsp; compradores de los rincones m\u00e1s diversos. \u201cNos volvemos con gran expectativa a la Argentina para afrontar esta temporada de ciruelas y pasas de uva\u201d, concluy\u00f3.<\/p>\n\n\n\n<p>Para Tobias Poce, de Trador SA, esta primera vez en Gulfood fue \u201cuna experiencia tremenda\u201d. El joven empresario sostuvo que pudieron reunirse \u201ccon m\u00e1s de 120 personas que significan m\u00e1s de 120 posibilidades de negocios a futuro\u201d. Pero, adem\u00e1s, regresan a Mendoza con un negocio ya concretado. \u201cHemos cerrado dos contenedores para Arabia Saudita. As\u00ed que el balance es m\u00e1s que positivo para nosotros que somos una empresa familiar de General Alvear\u201d, relat\u00f3 Tobias, bisnieto del fundador de la compa\u00f1\u00eda.<\/p>\n\n\n\n<p>\u201cEs todo positivo lo que hemos vivido en estos d\u00edas. Super\u00f3 las expectativas que ten\u00edamos. Much\u00edsima gente, much\u00edsimos contactos. Hemos conocido gente de todas partes del mundo y no solo clientes, tambi\u00e9n proveedores. Esta participaci\u00f3n nos ha permitido conocer un poco m\u00e1s de las tendencias de la industria y del mercado\u201d, resumi\u00f3 Mariano Per\u00f3n de F\u00e9nix SA, firma que produce y exporta desde General Alvear, el popular Zummy, entre otros alimentos.<\/p>\n","protected":false},"excerpt":{"rendered":"<p>Este viernes termin\u00f3 la 30\u00b0 edici\u00f3n de Gulfood, la feria de alimentos y bebidas m\u00e1s importante del Medio Oriente y una de las m\u00e1s convocantes del mundo entero. Las empresas&#8230;<\/p>\n","protected":false},"author":1,"featured_media":15510,"comment_status":"closed","ping_status":"closed","sticky":false,"template":"","format":"image","meta":[],"categories":[98],"tags":[],"_links":{"self":[{"href":"https:\/\/www.promendoza.com\/es\/wp-json\/wp\/v2\/posts\/15509"}],"collection":[{"href":"https:\/\/www.promendoza.com\/es\/wp-json\/wp\/v2\/posts"}],"about":[{"href":"https:\/\/www.promendoza.com\/es\/wp-json\/wp\/v2\/types\/post"}],"author":[{"embeddable":true,"href":"https:\/\/www.promendoza.com\/es\/wp-json\/wp\/v2\/users\/1"}],"replies":[{"embeddable":true,"href":"https:\/\/www.promendoza.com\/es\/wp-json\/wp\/v2\/comments?post=15509"}],"version-history":[{"count":2,"href":"https:\/\/www.promendoza.com\/es\/wp-json\/wp\/v2\/posts\/15509\/revisions"}],"predecessor-version":[{"id":15512,"href":"https:\/\/www.promendoza.com\/es\/wp-json\/wp\/v2\/posts\/15509\/revisions\/15512"}],"wp:featuredmedia":[{"embeddable":true,"href":"https:\/\/www.promendoza.com\/es\/wp-json\/wp\/v2\/media\/15510"}],"wp:attachment":[{"href":"https:\/\/www.promendoza.com\/es\/wp-json\/wp\/v2\/media?parent=15509"}],"wp:term":[{"taxonomy":"category","embeddable":true,"href":"https:\/\/www.promendoza.com\/es\/wp-json\/wp\/v2\/categories?post=15509"},{"taxonomy":"post_tag","embeddable":true,"href":"https:\/\/www.promendoza.com\/es\/wp-json\/wp\/v2\/tags?post=15509"}],"curies":[{"name":"wp","href":"https:\/\/api.w.org\/{rel}","templated":true}]}}