{"id":15679,"date":"2025-03-31T15:05:15","date_gmt":"2025-03-31T18:05:15","guid":{"rendered":"https:\/\/www.promendoza.com\/es\/?p=15679"},"modified":"2025-03-31T15:05:55","modified_gmt":"2025-03-31T18:05:55","slug":"autoridades-brasileras-visitaron-mendoza-y-firmaron-acuerdos-de-cooperacion","status":"publish","type":"post","link":"https:\/\/www.promendoza.com\/es\/autoridades-brasileras-visitaron-mendoza-y-firmaron-acuerdos-de-cooperacion\/","title":{"rendered":"Autoridades brasileras visitaron Mendoza y firmaron acuerdos de cooperaci\u00f3n"},"content":{"rendered":"<style type=\"text\/css\"><\/style>\n<figure class=\"wp-block-image\"><img alt=\"\"\/><\/figure>\n\n\n\n<p><\/p>\n\n\n\n<h1><\/h1>\n\n\n\n<p>Del 28 al 31 de marzo, Mendoza recibi\u00f3 a una delegaci\u00f3n de Pernambuco, Brasil, para realizar actividades comerciales enfocadas en la vitivinicultura y al turismo. La visita cont\u00f3 con la participaci\u00f3n de autoridades locales, representantes de la industria vitivin\u00edcola y tur\u00edstica, y miembros de la delegaci\u00f3n brasile\u00f1a que trajo funcionarios y empresarios.<\/p>\n\n\n\n<p>La visita incluy\u00f3 la firma de un acuerdo de cooperaci\u00f3n comercial entre la Agencia de Desarrollo del Estado de Pernambuco (ADEPE) y la Fundaci\u00f3n ProMendoza. Este acuerdo tiene como prop\u00f3sito establecer cooperaci\u00f3n en \u00e1reas de inter\u00e9s estrat\u00e9gico mutuo, especialmente en la colaboraci\u00f3n econ\u00f3mica en el desarrollo del comercio exterior y la cooperaci\u00f3n t\u00e9cnica.<\/p>\n\n\n\n<p>El entendimiento busca fortalecer el comercio bilateral; el intercambio de informaci\u00f3n t\u00e9cnica sobre la producci\u00f3n de vinos y el cultivo de frutas; la promoci\u00f3n de visitas y recepciones oficiales; el fomento del di\u00e1logo entre empresarios y cadenas productivas; la organizaci\u00f3n de misiones internacionales con enfoque comercial; el desarrollo de acciones promocionales para posicionar a Pernambuco y Mendoza como destinos tur\u00edsticos y comerciales.<\/p>\n\n\n\n<p>En cuanto a las actividades de Cooperaci\u00f3n se prev\u00e9 realizar:<br>\u2022\u2002\u2002\u2002\u2002\u2002Intercambio de conocimientos y experiencias.<br>\u2022\u2002\u2002\u2002\u2002\u2002Organizaci\u00f3n conjunta de eventos.<br>\u2022\u2002\u2002\u2002\u2002\u2002Mediaci\u00f3n en conflictos que afecten el comercio exterior.<br>\u2022\u2002\u2002\u2002\u2002\u2002Creaci\u00f3n de mecanismos de asesoramiento rec\u00edproco.<\/p>\n\n\n\n<p><strong>La agenda<\/strong><\/p>\n\n\n\n<p>ProMendoza comenz\u00f3 desde hace dos a\u00f1os a trabajar junto a autoridades de Pernambuco este acuerdo. La presidente de la Unidad ProMendoza, Patricia Gim\u00e9nez, viaj\u00f3 en 2024 a Brasil para reunirse con autoridades locales y explorar caminos que potencien la integraci\u00f3n y el desarrollo econ\u00f3mico de ambas regiones.<\/p>\n\n\n\n<p>Ahora las autoridades extranjeras recorrieron la provincia y en la agenda organizada por ProMendoza se incluy\u00f3 al Ministerio de Producci\u00f3n, el Ente de Turismo y varias municipalidades que comenzar\u00e1n a trabajar con sus pares brasileros.<\/p>\n\n\n\n<p>El viernes 28 de marzo, la jornada comenz\u00f3 con una reuni\u00f3n en el Templo del Vino de San Mart\u00edn, donde se abordaron temas relacionados con la vitivinicultura. La apertura oficial incluy\u00f3 una bienvenida y la presentaci\u00f3n del Plan Bonarda. Los participantes se dividieron en mesas de trabajo que trataron sobre organismos t\u00e9cnicos, el marco institucional y los proveedores de la industria. Adem\u00e1s, se ofreci\u00f3 una degustaci\u00f3n de m\u00e1s de 50 etiquetas de la variedad Bonarda. Tambi\u00e9n visitaron la comuna de Jun\u00edn.<\/p>\n\n\n\n<p>El s\u00e1bado 29 de marzo, la delegaci\u00f3n visit\u00f3 la Oliv\u00edcola Centenario, donde realizaron una degustaci\u00f3n y un conocimiento profundo sobre los varietales de aceite de oliva en Mendoza.<\/p>\n\n\n\n<p>El domingo 30 de marzo, el d\u00eda estuvo dedicado a una visita al Valle de Uco, con un enfoque especial en Tupungato, para conocer sobre la regi\u00f3n y profundizar sobre la vitivinicultura.<\/p>\n\n\n\n<p>El lunes 31 de marzo, las actividades se concentraron en eventos en el Centro de Congresos. Firmaron convenios con ProMendoza y Emetur, y entre Tupungato y Lagoa Grande. Adem\u00e1s, el Ente Mendoza Turismo present\u00f3 estrategias para desarrollar el enoturismo, mientras que ProMendoza expuso sus acciones de trabajo en materia de promoci\u00f3n de exportaciones de la provincia y su trabajo concreto en Brasil. En esta actividad participaron el ministro de Producci\u00f3n Rodolfo Vargas Arizu (presidente de la Fundaci\u00f3n ProMendoza); la titular del Emetur Gabriela Testa y la titular de la Unidad ProMendoza, Patricia Gim\u00e9nez.<\/p>\n","protected":false},"excerpt":{"rendered":"<p>Del 28 al 31 de marzo, Mendoza recibi\u00f3 a una delegaci\u00f3n de Pernambuco, Brasil, para realizar actividades comerciales enfocadas en la vitivinicultura y al turismo. La visita cont\u00f3 con la&#8230;<\/p>\n","protected":false},"author":1,"featured_media":15680,"comment_status":"closed","ping_status":"closed","sticky":false,"template":"","format":"image","meta":[],"categories":[54],"tags":[],"_links":{"self":[{"href":"https:\/\/www.promendoza.com\/es\/wp-json\/wp\/v2\/posts\/15679"}],"collection":[{"href":"https:\/\/www.promendoza.com\/es\/wp-json\/wp\/v2\/posts"}],"about":[{"href":"https:\/\/www.promendoza.com\/es\/wp-json\/wp\/v2\/types\/post"}],"author":[{"embeddable":true,"href":"https:\/\/www.promendoza.com\/es\/wp-json\/wp\/v2\/users\/1"}],"replies":[{"embeddable":true,"href":"https:\/\/www.promendoza.com\/es\/wp-json\/wp\/v2\/comments?post=15679"}],"version-history":[{"count":2,"href":"https:\/\/www.promendoza.com\/es\/wp-json\/wp\/v2\/posts\/15679\/revisions"}],"predecessor-version":[{"id":15682,"href":"https:\/\/www.promendoza.com\/es\/wp-json\/wp\/v2\/posts\/15679\/revisions\/15682"}],"wp:featuredmedia":[{"embeddable":true,"href":"https:\/\/www.promendoza.com\/es\/wp-json\/wp\/v2\/media\/15680"}],"wp:attachment":[{"href":"https:\/\/www.promendoza.com\/es\/wp-json\/wp\/v2\/media?parent=15679"}],"wp:term":[{"taxonomy":"category","embeddable":true,"href":"https:\/\/www.promendoza.com\/es\/wp-json\/wp\/v2\/categories?post=15679"},{"taxonomy":"post_tag","embeddable":true,"href":"https:\/\/www.promendoza.com\/es\/wp-json\/wp\/v2\/tags?post=15679"}],"curies":[{"name":"wp","href":"https:\/\/api.w.org\/{rel}","templated":true}]}}