{"id":15730,"date":"2025-04-05T10:55:00","date_gmt":"2025-04-05T13:55:00","guid":{"rendered":"https:\/\/www.promendoza.com\/es\/?p=15730"},"modified":"2025-04-07T10:58:21","modified_gmt":"2025-04-07T13:58:21","slug":"gimenez-visito-empresas-de-general-alvear-y-les-presento-vinexpo-explorer-y-agil-nex","status":"publish","type":"post","link":"https:\/\/www.promendoza.com\/es\/gimenez-visito-empresas-de-general-alvear-y-les-presento-vinexpo-explorer-y-agil-nex\/","title":{"rendered":"Gim\u00e9nez visit\u00f3 empresas de General Alvear y les present\u00f3 Vinexpo Explorer y \u00c1gil NEX"},"content":{"rendered":"<style type=\"text\/css\"><\/style>\n<figure class=\"wp-block-image\"><img alt=\"\"\/><\/figure>\n\n\n\n<h5>En su visita al Sur dio detalles de la edici\u00f3n 2025 del programa \u00c1gil NEX, una iniciativa innovadora que ProMendoza aplica desde 2024 para la asistencia t\u00e9cnica de peque\u00f1as y medianas empresas de Mendoza que desean internacionalizar sus productos o servicios.<\/h5>\n\n\n\n<p>La presidenta de la Unidad ProMendoza, Patricia Gim\u00e9nez, visit\u00f3 General Alvear para presentar a varias bodegas Vinexpo Explorer Mendoza, el evento internacional de vinos que se realizar\u00e1 en octubre en la provincia. Ser\u00e1 en octubre y participar\u00e1n m\u00e1s de 100 bodegas locales que podr\u00e1n mostrar sus etiquetas a 80 importadores de todo el mundo que estar\u00e1n en la provincia durante cuatro d\u00edas.&nbsp;<\/p>\n\n\n\n<p>Adem\u00e1s, Gim\u00e9nez, en su visita al Sur, dio detalles de la edici\u00f3n 2025 del programa \u00c1gil NEX, una iniciativa innovadora que ProMendoza aplica desde 2024 para la asistencia t\u00e9cnica de peque\u00f1as y medianas empresas de Mendoza que desean internacionalizar sus productos o servicios. Las inscripciones para ser parte de este programa ya se encuentran abiertas y puede participar cualquier tipo de pyme local.<\/p>\n\n\n\n<p>La visita de la funcionaria se dio en el marco del llamado D\u00eda de Campo, una jornada en la que se presenta oficialmente la 44\u00aa Fiesta Nacional de la Ganader\u00eda de Zonas \u00c1ridas, que se desarrollar\u00e1 del 7 al 11 de mayo en General Alvear.&nbsp;<\/p>\n\n\n\n<p><strong>La agenda<\/strong><\/p>\n\n\n\n<p>En el Sur provincial, Gim\u00e9nez y parte del equipo de ProMendoza llegaron a Bodega Ejes, dirigida por el en\u00f3logo Santiago Silva, quien se ha destacado por su enfoque en la producci\u00f3n de vinos de autor. En estos vinos, Silva busca resaltar la calidad y singularidad de las uvas de diferentes&nbsp;<em>terroirs&nbsp;<\/em>combinando t\u00e9cnicas tradicionales con innovaciones modernas, buscando siempre la m\u00e1xima calidad del producto. Su filosof\u00eda se centra en la sostenibilidad y el respeto por el medio ambiente, lo que se refleja en sus pr\u00e1cticas vitivin\u00edcolas.<\/p>\n\n\n\n<p>M\u00e1s tarde, la delegaci\u00f3n de ProMendoza recorri\u00f3 Bodega A la Par, fundada en 2019, que se especializa en la producci\u00f3n de espumantes de alta calidad, liderada por Gustavo Agostini -un en\u00f3logo con 28 a\u00f1os de experiencia- y Lina Mariela Gallardo,&nbsp;<em>sommelier&nbsp;<\/em>experta en enoturismo. La bodega ofrece nueve productos en tres l\u00edneas de espumantes, con buena aceptaci\u00f3n en el mercado interno.<\/p>\n\n\n\n<p>Con una trayectoria internacional que incluye su paso por Mo\u00ebt &#038; Chandon en Francia y otras importantes regiones vitivin\u00edcolas, el equipo de A la Par aporta una visi\u00f3n orientada hacia la excelencia. Recientemente, adquirieron una bodega en General Alvear, convirti\u00e9ndose en la primera \u201cchampa\u00f1era\u201d del Sur de Mendoza, y se dedican a la producci\u00f3n de espumantes utilizando el m\u00e9todo&nbsp;<em>champenoise<\/em>.<\/p>\n\n\n\n<p>Su enfoque se basa en la calidad y la producci\u00f3n artesanal a peque\u00f1a escala, con planes de impulsar el enoturismo y la gastronom\u00eda en la zona. Entre sus proyectos se destaca la creaci\u00f3n de una sala de degustaci\u00f3n y un espacio para actividades art\u00edsticas. Adem\u00e1s, buscan generar un impacto positivo en la comunidad y fomentar el desarrollo de otros emprendimientos locales.<\/p>\n\n\n\n<p>La recorrida de ProMendoza tambi\u00e9n incluy\u00f3 reuniones con referentes de empresas de dise\u00f1o y comunicaci\u00f3n que desde ese departamento trabajan para compa\u00f1\u00edas locales e internaciones.&nbsp;Se trata de Estudio Bdn Agencia y Dilook Media de Mkt Digital, dos agencias expertas en comunicaci\u00f3n estrat\u00e9gica y redes sociales, que ofrecen servicios a empresas y est\u00e1n interesadas en internacionalizarse.Gim\u00e9nez visit\u00f3 empresas de General Alvear y les present\u00f3 Vinexpo Explorer y \u00c1gil NEX.<\/p>\n","protected":false},"excerpt":{"rendered":"<p>En su visita al Sur dio detalles de la edici\u00f3n 2025 del programa \u00c1gil NEX, una iniciativa innovadora que ProMendoza aplica desde 2024 para la asistencia t\u00e9cnica de peque\u00f1as y&#8230;<\/p>\n","protected":false},"author":1,"featured_media":15731,"comment_status":"closed","ping_status":"closed","sticky":false,"template":"","format":"image","meta":[],"categories":[123],"tags":[],"_links":{"self":[{"href":"https:\/\/www.promendoza.com\/es\/wp-json\/wp\/v2\/posts\/15730"}],"collection":[{"href":"https:\/\/www.promendoza.com\/es\/wp-json\/wp\/v2\/posts"}],"about":[{"href":"https:\/\/www.promendoza.com\/es\/wp-json\/wp\/v2\/types\/post"}],"author":[{"embeddable":true,"href":"https:\/\/www.promendoza.com\/es\/wp-json\/wp\/v2\/users\/1"}],"replies":[{"embeddable":true,"href":"https:\/\/www.promendoza.com\/es\/wp-json\/wp\/v2\/comments?post=15730"}],"version-history":[{"count":2,"href":"https:\/\/www.promendoza.com\/es\/wp-json\/wp\/v2\/posts\/15730\/revisions"}],"predecessor-version":[{"id":15733,"href":"https:\/\/www.promendoza.com\/es\/wp-json\/wp\/v2\/posts\/15730\/revisions\/15733"}],"wp:featuredmedia":[{"embeddable":true,"href":"https:\/\/www.promendoza.com\/es\/wp-json\/wp\/v2\/media\/15731"}],"wp:attachment":[{"href":"https:\/\/www.promendoza.com\/es\/wp-json\/wp\/v2\/media?parent=15730"}],"wp:term":[{"taxonomy":"category","embeddable":true,"href":"https:\/\/www.promendoza.com\/es\/wp-json\/wp\/v2\/categories?post=15730"},{"taxonomy":"post_tag","embeddable":true,"href":"https:\/\/www.promendoza.com\/es\/wp-json\/wp\/v2\/tags?post=15730"}],"curies":[{"name":"wp","href":"https:\/\/api.w.org\/{rel}","templated":true}]}}