{"id":15744,"date":"2025-04-11T14:40:07","date_gmt":"2025-04-11T17:40:07","guid":{"rendered":"https:\/\/www.promendoza.com\/es\/?p=15744"},"modified":"2025-04-11T14:40:28","modified_gmt":"2025-04-11T17:40:28","slug":"presentaron-agil-nex-a-pymes-de-san-rafael","status":"publish","type":"post","link":"https:\/\/www.promendoza.com\/es\/presentaron-agil-nex-a-pymes-de-san-rafael\/","title":{"rendered":"Presentaron \u00c1gil NEX a PyMes de San Rafael"},"content":{"rendered":"<style type=\"text\/css\"><\/style>\n<figure class=\"wp-block-image\"><img alt=\"\"\/><\/figure>\n\n\n\n<p><strong>Con la presencia de la vicegobernadora Hebe Casado, t\u00e9cnicos de ProMendoza presentaron a MiPyMEs de San Rafael la edici\u00f3n 2025 de \u00c1gil NEX, el programa que ofrece un acompa\u00f1amiento intensivo a empresas, con una duraci\u00f3n de seis meses, basado en principios \u00e1giles y herramientas de gesti\u00f3n colaborativa, para dise\u00f1ar e implementar un plan de exportaci\u00f3n s\u00f3lido y pr\u00e1ctico.<\/strong><\/p>\n\n\n\n<p>La cita fue en la C\u00e1mara de Comercio, Industria y Agropecuaria de San Rafael y cont\u00f3, adem\u00e1s de la presencia de la vicegobernadora, con la del gerente de la C\u00e1mara, Alejandro Flores.<\/p>\n\n\n\n<p>La vicegobernadora inici\u00f3 la reuni\u00f3n asegurando que&nbsp;el compromiso de la provincia se refleja en iniciativas como esta, que buscan fortalecer la capacidad exportadora de las empresas locales y facilitar su inserci\u00f3n en mercados internacionales.<\/p>\n\n\n\n<p>Casado mostr\u00f3 su apoyo al programa al publicar que la presentaci\u00f3n de \u00c1gil NEX en San Rafael \u201cesta propuesta se enmarca en una visi\u00f3n m\u00e1s amplia, orientada a fortalecer el desarrollo econ\u00f3mico de la zona Sur, generando nuevas oportunidades y ampliando la presencia de nuestras empresas en el mundo\u201d.<\/p>\n\n\n\n<p>La titular de la Unidad ProMendoza, Patricia Gim\u00e8nez, destac\u00f3 que \u201c\u00c1gil NEX es un programa que apunta a superar las barreras que separan a las pymes del mercado externo, permitiendo a cada empresa avanzar en el camino hacia la exportaci\u00f3n utilizando metodolog\u00edas \u00e1giles. Buscamos que peque\u00f1as y medianas de Mendoza de todos los rubros puedan llevar sus productos o servicios a otros pa\u00edses\u201d.<\/p>\n\n\n\n<p>Por su parte, Flores destac\u00f3: \u201cDesde la C\u00e1mara nos parece positivo que ProMendoza le d\u00e9 continuidad a una herramienta que ha demostrado ser pr\u00e1ctica y con resultados concretos, adecu\u00e1ndose a servicios y productos de cada una de las empresas que quieran postularse\u201d.<\/p>\n\n\n\n<p><strong>Pr\u00f3xima presentaci\u00f3n en Guaymall\u00e9n<\/strong><\/p>\n\n\n\n<p>El lunes pr\u00f3ximo, la cita es en el 6to piso de la Municipalidad de Guaymall\u00e9n \u2013 Libertad 720, Villa Nueva- de 10 a 11 H.<\/p>\n\n\n\n<p>\u00c1gil NEX es el programa que acompa\u00f1a a las PyMEs mendocinas en su camino hacia la exportaci\u00f3n, con metodolog\u00edas \u00e1giles y asistencia t\u00e9cnica especializada.<\/p>\n\n\n\n<p>De los resultados 2024: La mitad de las empresas que finalizaron el proceso ya exportaron o lo har\u00e1n dentro del primer a\u00f1o.<\/p>\n\n\n\n<p>Los consultores nuevos que deseen participar podr\u00e1n inscribirse hasta este viernes y las empresas que quieran iniciar su camino exportador, tienen tiempo hasta el mi\u00e9rcoles 16 de abril.<\/p>\n\n\n\n<p>Los detalles del programa y las bases se encuentran disponibles en&nbsp;<a rel=\"noreferrer noopener\" href=\"https:\/\/www.promendoza.com\/es\/agilnex\/\" target=\"_blank\">https:\/\/www.promendoza.com\/es\/agilnex\/<\/a><\/p>\n","protected":false},"excerpt":{"rendered":"<p>Con la presencia de la vicegobernadora Hebe Casado, t\u00e9cnicos de ProMendoza presentaron a MiPyMEs de San Rafael la edici\u00f3n 2025 de \u00c1gil NEX, el programa que ofrece un acompa\u00f1amiento intensivo&#8230;<\/p>\n","protected":false},"author":1,"featured_media":15745,"comment_status":"closed","ping_status":"closed","sticky":false,"template":"","format":"image","meta":[],"categories":[126],"tags":[],"_links":{"self":[{"href":"https:\/\/www.promendoza.com\/es\/wp-json\/wp\/v2\/posts\/15744"}],"collection":[{"href":"https:\/\/www.promendoza.com\/es\/wp-json\/wp\/v2\/posts"}],"about":[{"href":"https:\/\/www.promendoza.com\/es\/wp-json\/wp\/v2\/types\/post"}],"author":[{"embeddable":true,"href":"https:\/\/www.promendoza.com\/es\/wp-json\/wp\/v2\/users\/1"}],"replies":[{"embeddable":true,"href":"https:\/\/www.promendoza.com\/es\/wp-json\/wp\/v2\/comments?post=15744"}],"version-history":[{"count":2,"href":"https:\/\/www.promendoza.com\/es\/wp-json\/wp\/v2\/posts\/15744\/revisions"}],"predecessor-version":[{"id":15747,"href":"https:\/\/www.promendoza.com\/es\/wp-json\/wp\/v2\/posts\/15744\/revisions\/15747"}],"wp:featuredmedia":[{"embeddable":true,"href":"https:\/\/www.promendoza.com\/es\/wp-json\/wp\/v2\/media\/15745"}],"wp:attachment":[{"href":"https:\/\/www.promendoza.com\/es\/wp-json\/wp\/v2\/media?parent=15744"}],"wp:term":[{"taxonomy":"category","embeddable":true,"href":"https:\/\/www.promendoza.com\/es\/wp-json\/wp\/v2\/categories?post=15744"},{"taxonomy":"post_tag","embeddable":true,"href":"https:\/\/www.promendoza.com\/es\/wp-json\/wp\/v2\/tags?post=15744"}],"curies":[{"name":"wp","href":"https:\/\/api.w.org\/{rel}","templated":true}]}}