{"id":15766,"date":"2025-04-17T10:39:00","date_gmt":"2025-04-17T13:39:00","guid":{"rendered":"https:\/\/www.promendoza.com\/es\/?p=15766"},"modified":"2025-04-29T10:41:49","modified_gmt":"2025-04-29T13:41:49","slug":"dia-mundial-del-malbec-la-cepa-insignia-que-conquista-al-mundo","status":"publish","type":"post","link":"https:\/\/www.promendoza.com\/es\/dia-mundial-del-malbec-la-cepa-insignia-que-conquista-al-mundo\/","title":{"rendered":"D\u00eda Mundial del Malbec: la cepa insignia que conquista al mundo"},"content":{"rendered":"<style type=\"text\/css\"><\/style>\n<p><strong>Cada 17 de abril se celebra el D\u00eda Mundial del Malbec, en honor al varietal que se convirti\u00f3 en la principal carta de presentaci\u00f3n de la provincia de Mendoza y de la Argentina en los principales mercados internacionales.<\/strong><\/p>\n\n\n\n<p>Desde fines del siglo XX, la industria vitivin\u00edcola local decidi\u00f3 que el malbec \u2014tra\u00eddo originalmente de Francia por Domingo Faustino Sarmiento\u2014 era la cepa que mejor nos representaba en el exterior. Su adaptaci\u00f3n \u00fanica al clima y al paisaje mendocinos le otorga frescura, expresi\u00f3n y gran potencial de guarda, cualidades que lo distinguen a nivel global.<\/p>\n\n\n\n<p><strong>Malbec de Mendoza, en n\u00fameros<\/strong><\/p>\n\n\n\n<ul><li>Del total de&nbsp;47.000&nbsp;hect\u00e1reas de malbec cultivadas en el pa\u00eds, casi el&nbsp;85&nbsp;% (39.856&nbsp;ha) se concentra en Mendoza, lo que la convierte en la principal regi\u00f3n productora y exportadora de esta cepa.<\/li><li>M\u00e1s de 2.000 etiquetas de malbec mendocino desembarcan cada mes, en promedio, en m\u00e1s de cien mercados, entre los que sobresalen Estados Unidos, Brasil, Reino Unido, Canad\u00e1, M\u00e9xico, Pa\u00edses&nbsp;Bajos, Per\u00fa, Francia, China, Uruguay y Alemania.<\/li><li>En el comercio internacional de vinos fraccionados, el malbec representa el&nbsp;60&nbsp;% del volumen exportado, equivalente a unos&nbsp;660&nbsp;millones de d\u00f3lares.<\/li><li>En materia de vino a granel, el malbec cubre el&nbsp;84&nbsp;% del valor exportado (casi&nbsp;52&nbsp;millones de d\u00f3lares) y el&nbsp;77&nbsp;% de los 51&nbsp;millones de litros vendidos.<\/li><\/ul>\n\n\n\n<p><strong>Consumo de malbec en Argentina<\/strong><\/p>\n\n\n\n<p>Seg\u00fan el Observatorio Vitivin\u00edcola Argentina, en 2024 la uva malbec explic\u00f3 el&nbsp;21&nbsp;% de toda la cosecha destinada a vinificar, frente al&nbsp;15&nbsp;% registrado en 2015. En el mercado interno, los despachos de malbec crecieron del&nbsp;8&nbsp;% al&nbsp;16&nbsp;% del total de vinos comercializados en la \u00faltima d\u00e9cada, con 1&nbsp;575 etiquetas disponibles y representando m\u00e1s de la mitad de los litros de vinos varietales fraccionados despachados al mercado local.<\/p>\n\n\n\n<p><\/p>\n","protected":false},"excerpt":{"rendered":"<p>Cada 17 de abril se celebra el D\u00eda Mundial del Malbec, en honor al varietal que se convirti\u00f3 en la principal carta de presentaci\u00f3n de la provincia de Mendoza y&#8230;<\/p>\n","protected":false},"author":1,"featured_media":15767,"comment_status":"closed","ping_status":"closed","sticky":false,"template":"","format":"image","meta":[],"categories":[54],"tags":[],"_links":{"self":[{"href":"https:\/\/www.promendoza.com\/es\/wp-json\/wp\/v2\/posts\/15766"}],"collection":[{"href":"https:\/\/www.promendoza.com\/es\/wp-json\/wp\/v2\/posts"}],"about":[{"href":"https:\/\/www.promendoza.com\/es\/wp-json\/wp\/v2\/types\/post"}],"author":[{"embeddable":true,"href":"https:\/\/www.promendoza.com\/es\/wp-json\/wp\/v2\/users\/1"}],"replies":[{"embeddable":true,"href":"https:\/\/www.promendoza.com\/es\/wp-json\/wp\/v2\/comments?post=15766"}],"version-history":[{"count":2,"href":"https:\/\/www.promendoza.com\/es\/wp-json\/wp\/v2\/posts\/15766\/revisions"}],"predecessor-version":[{"id":15769,"href":"https:\/\/www.promendoza.com\/es\/wp-json\/wp\/v2\/posts\/15766\/revisions\/15769"}],"wp:featuredmedia":[{"embeddable":true,"href":"https:\/\/www.promendoza.com\/es\/wp-json\/wp\/v2\/media\/15767"}],"wp:attachment":[{"href":"https:\/\/www.promendoza.com\/es\/wp-json\/wp\/v2\/media?parent=15766"}],"wp:term":[{"taxonomy":"category","embeddable":true,"href":"https:\/\/www.promendoza.com\/es\/wp-json\/wp\/v2\/categories?post=15766"},{"taxonomy":"post_tag","embeddable":true,"href":"https:\/\/www.promendoza.com\/es\/wp-json\/wp\/v2\/tags?post=15766"}],"curies":[{"name":"wp","href":"https:\/\/api.w.org\/{rel}","templated":true}]}}