{"id":15896,"date":"2025-06-18T11:40:00","date_gmt":"2025-06-18T14:40:00","guid":{"rendered":"https:\/\/www.promendoza.com\/es\/?p=15896"},"modified":"2025-06-19T11:42:06","modified_gmt":"2025-06-19T14:42:06","slug":"se-realizara-el-segundo-encuentro-internacional-apicola-en-el-sur-de-mendoza","status":"publish","type":"post","link":"https:\/\/www.promendoza.com\/es\/se-realizara-el-segundo-encuentro-internacional-apicola-en-el-sur-de-mendoza\/","title":{"rendered":"Se realizar\u00e1 el Segundo Encuentro Internacional Ap\u00edcola en el Sur de Mendoza"},"content":{"rendered":"<style type=\"text\/css\"><\/style>\n<figure class=\"wp-block-image\"><img alt=\"\"\/><\/figure>\n\n\n\n<h5>Es organizado por &nbsp;empresarios del sector con el apoyo de ProMendoza, el INTA y la Municipalidad de General Alvear y tendr\u00e1 lugar el viernes 20 y el s\u00e1bado 21 de junio en el predio ferial de General Alvear. La entrada ser\u00e1 libre y gratuita.<\/h5>\n\n\n\n<p>Con el apoyo de ProMendoza, el INTA y la Municipalidad de General Alvear, se realizar\u00e1 por segundo a\u00f1o consecutivo el Encuentro Internacional Ap\u00edcola, un evento clave para el desarrollo de la apicultura en la regi\u00f3n.<\/p>\n\n\n\n<p>Organizado por empresarios del sector, el encuentro busca reunir a productores, t\u00e9cnicos, proveedores e instituciones para impulsar la actividad ap\u00edcola a nivel nacional e internacional.<\/p>\n\n\n\n<p><strong>Una apuesta al futuro<\/strong><\/p>\n\n\n\n<p>Marcos Amor\u00f3s, presidente de la Espec\u00edfica de Apicultura de la C\u00e1mara de Comercio de General Alvear, junto a su esposa, Vanesa Mielniczuk \u2014fundadores de la empresa Amor y Miel\u2014, lideran la organizaci\u00f3n del encuentro.<\/p>\n\n\n\n<p>\u201cImpulsamos este encuentro porque creemos firmemente en el potencial de Mendoza como polo ap\u00edcola. Nuestra miel es reconocida por su calidad, y la diversidad de climas, paisajes y la tradici\u00f3n agr\u00edcola de la provincia nos posicionan estrat\u00e9gicamente para liderar el desarrollo ap\u00edcola a nivel nacional e internacional\u201d, expres\u00f3 Vanesa Mielniczuk.<\/p>\n\n\n\n<p>\u201cLa apicultura necesita renovarse: incorporar nuevas manos, ideas frescas y caminos innovadores. Este tipo de espacios son fundamentales para inspirar, motivar y demostrar que del trabajo con las abejas no solo se puede vivir, sino tambi\u00e9n crecer y emprender. No es solo una pasi\u00f3n, es una verdadera oportunidad productiva\u201d, agreg\u00f3.<\/p>\n\n\n\n<p>\u201cQueremos sumar a las nuevas generaciones al sector, transformando la apicultura en una fuente genuina de empleo. Este encuentro no solo ofrece capacitaci\u00f3n y transferencia de conocimientos, sino tambi\u00e9n la posibilidad de generar negocios, alianzas y redes que trascienden fronteras. Aqu\u00ed confluyen productores, t\u00e9cnicos, proveedores e instituciones con un objetivo com\u00fan: potenciar la apicultura\u201d, asever\u00f3.<\/p>\n\n\n\n<p>\u201cEn definitiva, apostar por un encuentro ap\u00edcola en Mendoza es apostar por el futuro de nuestras producciones agr\u00edcolas, por la sustentabilidad ambiental y por el fortalecimiento de una actividad tan noble como necesaria\u201d, finaliz\u00f3.<\/p>\n\n\n\n<p><strong>Programa de charlas<\/strong><\/p>\n\n\n\n<p><em>Viernes 20 de junio<\/em><\/p>\n\n\n\n<p>\u00b7 Anselmo Martz (Argentina): Sistema de doble reina.<\/p>\n\n\n\n<p>\u00b7 C\u00e9sar Palacio Santo (Colombia): Sistema Palmer \u2013 Versi\u00f3n San Andr\u00e9s.<\/p>\n\n\n\n<p>\u00b7 Janco Molina y Walter Tom\u00e1s (Uruguay): Experiencia ap\u00edcola uruguaya y Manejo e introducci\u00f3n de celdas reales.<\/p>\n\n\n\n<p><em>S\u00e1bado 21 de junio<\/em><\/p>\n\n\n\n<p>\u00b7 Daniel Avena (Argentina): Recambio de reinas y n\u00facleos de fin de temporada.<\/p>\n\n\n\n<p>\u00b7 Mauricio Rabinovich (Senasa, Argentina): Ordenamiento territorial.<\/p>\n\n\n\n<p>\u00b7 Vicente Toledo (Chile): Nutrici\u00f3n ap\u00edcola y manejo del espacio en la colmena.<\/p>\n\n\n\n<p>Para el cierre: Mesa redonda internacional sobre m\u00e9todos de introducci\u00f3n de reinas, con especialistas de Argentina, Chile, Colombia y Uruguay.<\/p>\n","protected":false},"excerpt":{"rendered":"<p>Es organizado por &nbsp;empresarios del sector con el apoyo de ProMendoza, el INTA y la Municipalidad de General Alvear y tendr\u00e1 lugar el viernes 20 y el s\u00e1bado 21 de&#8230;<\/p>\n","protected":false},"author":1,"featured_media":15897,"comment_status":"closed","ping_status":"closed","sticky":false,"template":"","format":"image","meta":[],"categories":[46],"tags":[],"_links":{"self":[{"href":"https:\/\/www.promendoza.com\/es\/wp-json\/wp\/v2\/posts\/15896"}],"collection":[{"href":"https:\/\/www.promendoza.com\/es\/wp-json\/wp\/v2\/posts"}],"about":[{"href":"https:\/\/www.promendoza.com\/es\/wp-json\/wp\/v2\/types\/post"}],"author":[{"embeddable":true,"href":"https:\/\/www.promendoza.com\/es\/wp-json\/wp\/v2\/users\/1"}],"replies":[{"embeddable":true,"href":"https:\/\/www.promendoza.com\/es\/wp-json\/wp\/v2\/comments?post=15896"}],"version-history":[{"count":2,"href":"https:\/\/www.promendoza.com\/es\/wp-json\/wp\/v2\/posts\/15896\/revisions"}],"predecessor-version":[{"id":15899,"href":"https:\/\/www.promendoza.com\/es\/wp-json\/wp\/v2\/posts\/15896\/revisions\/15899"}],"wp:featuredmedia":[{"embeddable":true,"href":"https:\/\/www.promendoza.com\/es\/wp-json\/wp\/v2\/media\/15897"}],"wp:attachment":[{"href":"https:\/\/www.promendoza.com\/es\/wp-json\/wp\/v2\/media?parent=15896"}],"wp:term":[{"taxonomy":"category","embeddable":true,"href":"https:\/\/www.promendoza.com\/es\/wp-json\/wp\/v2\/categories?post=15896"},{"taxonomy":"post_tag","embeddable":true,"href":"https:\/\/www.promendoza.com\/es\/wp-json\/wp\/v2\/tags?post=15896"}],"curies":[{"name":"wp","href":"https:\/\/api.w.org\/{rel}","templated":true}]}}