{"id":15918,"date":"2025-06-19T12:03:00","date_gmt":"2025-06-19T15:03:00","guid":{"rendered":"https:\/\/www.promendoza.com\/es\/?p=15918"},"modified":"2025-07-03T12:19:10","modified_gmt":"2025-07-03T15:19:10","slug":"ultimo-dia-para-postularse-al-programa-agil-nex-2025-consultores-y-empresas-tienen-tiempo-hasta-manana","status":"publish","type":"post","link":"https:\/\/www.promendoza.com\/es\/ultimo-dia-para-postularse-al-programa-agil-nex-2025-consultores-y-empresas-tienen-tiempo-hasta-manana\/","title":{"rendered":"\u00daltimo d\u00eda para postularse al programa \u00c1gil NEX 2025: consultores y empresas tienen tiempo hasta ma\u00f1ana"},"content":{"rendered":"<style type=\"text\/css\"><\/style>\n<figure class=\"wp-block-image\"><img alt=\"\"\/><\/figure>\n\n\n\n<h5>La inscripci\u00f3n es gratuita y est\u00e1 abierta tanto para pymes mendocinas con potencial exportador como para consultores independientes con experiencia en internacionalizaci\u00f3n.<\/h5>\n\n\n\n<p>ProMendoza cierra este viernes 20 de junio, a las 23.59, la segunda y \u00faltima convocatoria del a\u00f1o al programa \u00c1gil NEX, una iniciativa innovadora que busca impulsar el desarrollo exportador de las pymes mendocinas a trav\u00e9s del acompa\u00f1amiento de consultores especializados.<\/p>\n\n\n\n<p>\u00c1gil NEX combina asistencia t\u00e9cnica personalizada con metodolog\u00edas \u00e1giles, promoviendo la elaboraci\u00f3n de planes m\u00ednimos viables de internacionalizaci\u00f3n que se validan progresivamente en funci\u00f3n del mercado. El programa ya lleva dos cohortes ejecutadas y ha mostrado resultados concretos: m\u00e1s de 30 pymes asistidas, 50 consultores capacitados y una tasa de implementaci\u00f3n del 50% en estrategias de exportaci\u00f3n dise\u00f1adas en las consultor\u00edas.<\/p>\n\n\n\n<p>\u201cEstamos orgullosos del impacto que ha tenido el programa. En la edici\u00f3n 2024, la mitad de las empresas participantes logr\u00f3 avanzar en negociaciones reales de exportaci\u00f3n en menos de un a\u00f1o\u201d, se\u00f1al\u00f3 Patricia Gim\u00e9nez, gerente general de ProMendoza. \u201cAhora abrimos la \u00faltima cohorte del ciclo 2025, y queremos invitar tanto a nuevas pymes como a profesionales con experiencia en comercio internacional a sumarse\u201d, agreg\u00f3.<\/p>\n\n\n\n<p>La inscripci\u00f3n es gratuita y est\u00e1 abierta tanto para pymes mendocinas con potencial exportador como para consultores independientes con experiencia en internacionalizaci\u00f3n.<\/p>\n\n\n\n<p>Para m\u00e1s informaci\u00f3n y acceso a los formularios, ingresar en&nbsp;<a rel=\"noreferrer noopener\" href=\"http:\/\/www.promendoza.com\/es\/agilnex\" target=\"_blank\">www.promendoza.com\/es\/agilnex<\/a>.<\/p>\n","protected":false},"excerpt":{"rendered":"<p>La inscripci\u00f3n es gratuita y est\u00e1 abierta tanto para pymes mendocinas con potencial exportador como para consultores independientes con experiencia en internacionalizaci\u00f3n. ProMendoza cierra este viernes 20 de junio, a&#8230;<\/p>\n","protected":false},"author":1,"featured_media":15919,"comment_status":"closed","ping_status":"closed","sticky":false,"template":"","format":"image","meta":[],"categories":[123],"tags":[],"_links":{"self":[{"href":"https:\/\/www.promendoza.com\/es\/wp-json\/wp\/v2\/posts\/15918"}],"collection":[{"href":"https:\/\/www.promendoza.com\/es\/wp-json\/wp\/v2\/posts"}],"about":[{"href":"https:\/\/www.promendoza.com\/es\/wp-json\/wp\/v2\/types\/post"}],"author":[{"embeddable":true,"href":"https:\/\/www.promendoza.com\/es\/wp-json\/wp\/v2\/users\/1"}],"replies":[{"embeddable":true,"href":"https:\/\/www.promendoza.com\/es\/wp-json\/wp\/v2\/comments?post=15918"}],"version-history":[{"count":1,"href":"https:\/\/www.promendoza.com\/es\/wp-json\/wp\/v2\/posts\/15918\/revisions"}],"predecessor-version":[{"id":15920,"href":"https:\/\/www.promendoza.com\/es\/wp-json\/wp\/v2\/posts\/15918\/revisions\/15920"}],"wp:featuredmedia":[{"embeddable":true,"href":"https:\/\/www.promendoza.com\/es\/wp-json\/wp\/v2\/media\/15919"}],"wp:attachment":[{"href":"https:\/\/www.promendoza.com\/es\/wp-json\/wp\/v2\/media?parent=15918"}],"wp:term":[{"taxonomy":"category","embeddable":true,"href":"https:\/\/www.promendoza.com\/es\/wp-json\/wp\/v2\/categories?post=15918"},{"taxonomy":"post_tag","embeddable":true,"href":"https:\/\/www.promendoza.com\/es\/wp-json\/wp\/v2\/tags?post=15918"}],"curies":[{"name":"wp","href":"https:\/\/api.w.org\/{rel}","templated":true}]}}