{"id":16066,"date":"2025-09-18T11:22:00","date_gmt":"2025-09-18T14:22:00","guid":{"rendered":"https:\/\/www.promendoza.com\/es\/?p=16066"},"modified":"2025-09-19T11:48:54","modified_gmt":"2025-09-19T14:48:54","slug":"innovacion-logistica-con-sello-local-promendoza-capacito-a-pymes-en-herramientas-digitales-para-exportar-mejor","status":"publish","type":"post","link":"https:\/\/www.promendoza.com\/es\/innovacion-logistica-con-sello-local-promendoza-capacito-a-pymes-en-herramientas-digitales-para-exportar-mejor\/","title":{"rendered":"Innovaci\u00f3n log\u00edstica con sello local: ProMendoza capacit\u00f3 a pymes en herramientas digitales para exportar mejor"},"content":{"rendered":"<style type=\"text\/css\"><\/style>\n<figure class=\"wp-block-image\"><img alt=\"\"\/><\/figure>\n\n\n\n<p><strong>Emprendedores locales presentaron una plataforma que definieron como \u00abla primera red social de operaciones log\u00edsticas, desarrollada en Mendoza con un enfoque colaborativo e impulsada por inteligencia artificial\u00bb.<\/strong><\/p>\n\n\n\n<p>En l\u00ednea con su objetivo de fortalecer la competitividad exportadora de las peque\u00f1as y medianas empresas de la provincia, ProMendoza llev\u00f3 adelante una capacitaci\u00f3n virtual centrada en la log\u00edstica como herramienta estrat\u00e9gica. La jornada estuvo enfocada en dar a conocer una innovadora soluci\u00f3n digital creada por emprendedores mendocinos, pensada espec\u00edficamente para resolver desaf\u00edos estructurales del comercio y la exportaci\u00f3n local.<\/p>\n\n\n\n<p>La charla fue liderada por los creadores de&nbsp;<em>Follow<\/em>, una plataforma pionera que se presenta como la primera red social de operaciones log\u00edsticas, desarrollada en Mendoza con un enfoque colaborativo e impulsada por inteligencia artificial. La herramienta busca mejorar la eficiencia operativa de las pymes que necesitan transportar o exportar sus productos, optimizando recursos y reduciendo costos estructurales.<\/p>\n\n\n\n<p><strong>De la log\u00edstica tradicional a un modelo colaborativo e inteligente<\/strong><\/p>\n\n\n\n<p>Durante la capacitaci\u00f3n se abordaron las limitaciones del modelo log\u00edstico tradicional, caracterizado por su fragmentaci\u00f3n, informalidad y escasa trazabilidad. Problemas como el alto porcentaje de fletes vac\u00edos, el uso ineficiente de capacidad de carga y los sobrecostos por espera fueron expuestos como barreras comunes para las empresas exportadoras.<\/p>\n\n\n\n<p>Frente a este escenario, la propuesta de&nbsp;<em>Follow<\/em>&nbsp;se basa en la colaboraci\u00f3n entre actores log\u00edsticos, apoyada en tecnolog\u00edas como IA y sistemas de trazabilidad integrados. La plataforma permite consolidar cargas, planificar rutas optimizadas, gestionar flotas y conductores, y centralizar la informaci\u00f3n en tableros digitales que mejoran la visibilidad operativa en tiempo real.<\/p>\n\n\n\n<p><strong>Una herramienta hecha en Mendoza, para Mendoza<\/strong><\/p>\n\n\n\n<p>El sistema cuenta con funciones avanzadas como:<br>\u2022\u2002\u2002\u2002\u2002\u2002Marketplace log\u00edstico p\u00fablico y privado para la publicaci\u00f3n de cargas y contrataci\u00f3n por carga o licitaci\u00f3n.<br>\u2022\u2002\u2002\u2002\u2002\u2002Trazabilidad legal y documental, incluyendo una App para conductores con seguimiento GPS y alertas en tiempo real.<br>\u2022\u2002\u2002\u2002\u2002\u2002Gesti\u00f3n de incidentes con trazabilidad completa y notificaciones autom\u00e1ticas.<br>\u2022\u2002\u2002\u2002\u2002\u2002Sistema de pagos auditado, multimoneda y con control financiero integrado.<br>Seg\u00fan sus desarrolladores, el uso de esta plataforma puede generar resultados concretos para las empresas, como:<br>\u2022\u2002\u2002\u2002\u2002\u2002Reducci\u00f3n de costos log\u00edsticos entre un 6% y un 23%.<br>\u2022\u2002\u2002\u2002\u2002\u2002Trazabilidad operativa de hasta el 95%.<br>\u2022\u2002\u2002\u2002\u2002\u2002Incrementos de eficiencia diaria de hasta el 40%.<br>\u2022\u2002\u2002\u2002\u2002\u2002Mayor transparencia y control, con menos llamadas y correos innecesarios.<\/p>\n\n\n\n<p>\u201cDesde ProMendoza destacamos el valor de promover herramientas de innovaci\u00f3n creadas por mendocinos y dirigidas a resolver problem\u00e1ticas concretas del ecosistema productivo de la provincia. Esta capacitaci\u00f3n forma parte de una estrategia integral de fortalecimiento de capacidades para pymes, con foco en la incorporaci\u00f3n de tecnolog\u00eda, eficiencia y colaboraci\u00f3n\u201d, resumi\u00f3 la presidenta de la Unidad ProMendoza, Patricia Gim\u00e9nez.<\/p>\n","protected":false},"excerpt":{"rendered":"<p>Emprendedores locales presentaron una plataforma que definieron como \u00abla primera red social de operaciones log\u00edsticas, desarrollada en Mendoza con un enfoque colaborativo e impulsada por inteligencia artificial\u00bb. En l\u00ednea con&#8230;<\/p>\n","protected":false},"author":1,"featured_media":16069,"comment_status":"closed","ping_status":"closed","sticky":false,"template":"","format":"image","meta":[],"categories":[107],"tags":[],"_links":{"self":[{"href":"https:\/\/www.promendoza.com\/es\/wp-json\/wp\/v2\/posts\/16066"}],"collection":[{"href":"https:\/\/www.promendoza.com\/es\/wp-json\/wp\/v2\/posts"}],"about":[{"href":"https:\/\/www.promendoza.com\/es\/wp-json\/wp\/v2\/types\/post"}],"author":[{"embeddable":true,"href":"https:\/\/www.promendoza.com\/es\/wp-json\/wp\/v2\/users\/1"}],"replies":[{"embeddable":true,"href":"https:\/\/www.promendoza.com\/es\/wp-json\/wp\/v2\/comments?post=16066"}],"version-history":[{"count":1,"href":"https:\/\/www.promendoza.com\/es\/wp-json\/wp\/v2\/posts\/16066\/revisions"}],"predecessor-version":[{"id":16068,"href":"https:\/\/www.promendoza.com\/es\/wp-json\/wp\/v2\/posts\/16066\/revisions\/16068"}],"wp:featuredmedia":[{"embeddable":true,"href":"https:\/\/www.promendoza.com\/es\/wp-json\/wp\/v2\/media\/16069"}],"wp:attachment":[{"href":"https:\/\/www.promendoza.com\/es\/wp-json\/wp\/v2\/media?parent=16066"}],"wp:term":[{"taxonomy":"category","embeddable":true,"href":"https:\/\/www.promendoza.com\/es\/wp-json\/wp\/v2\/categories?post=16066"},{"taxonomy":"post_tag","embeddable":true,"href":"https:\/\/www.promendoza.com\/es\/wp-json\/wp\/v2\/tags?post=16066"}],"curies":[{"name":"wp","href":"https:\/\/api.w.org\/{rel}","templated":true}]}}