{"id":16101,"date":"2025-10-03T10:45:00","date_gmt":"2025-10-03T13:45:00","guid":{"rendered":"https:\/\/www.promendoza.com\/es\/?p=16101"},"modified":"2025-12-01T10:47:35","modified_gmt":"2025-12-01T13:47:35","slug":"en-prowine-sao-paulo-2025-mendoza-estuvo-presente-con-una-destacada-participacion-de-bodegas-locales","status":"publish","type":"post","link":"https:\/\/www.promendoza.com\/es\/en-prowine-sao-paulo-2025-mendoza-estuvo-presente-con-una-destacada-participacion-de-bodegas-locales\/","title":{"rendered":"En ProWine S\u00e3o Paulo 2025, Mendoza estuvo presente con una destacada participaci\u00f3n de bodegas locales"},"content":{"rendered":"<style type=\"text\/css\"><\/style>\n<figure class=\"wp-block-image\"><img alt=\"\"\/><\/figure>\n\n\n\n<p><strong>Del 30 de septiembre al 2 de octubre, Mendoza estuvo representada en ProWine S\u00e3o Paulo 2025, la feria de vinos y bebidas espirituosas m\u00e1s importante de Am\u00e9rica Latina, que se realiza en el centro de exposiciones de S\u00e3o Paulo Expo, Brasil. La participaci\u00f3n provincial, coordinada por ProMendoza, acompa\u00f1\u00f3 a bodegas mendocinas en su posicionamiento y expansi\u00f3n en el competitivo mercado brasile\u00f1o.<\/strong><\/p>\n\n\n\n<p>En total, ProMendoza llev\u00f3 ocho&nbsp;<em>stands<\/em>, incluyendo un espacio dedicado a su&nbsp;<em>hub<\/em>&nbsp;log\u00edstico, que agrup\u00f3 a cinco bodegas: Cuvelier, Canepa, Magia de Uco, Rivero y Finca Don Carlos. Estas empresas ya cuentan con sus productos nacionalizados en Brasil, lo que les permite realizar ventas directas tanto a distribuidores locales como al canal horeca (hoteles, restaurantes y&nbsp;<em>catering<\/em>), ampliando significativamente sus oportunidades comerciales.<\/p>\n\n\n\n<p>Adem\u00e1s, otras bodegas que participaron bajo el paraguas de ProMendoza en esta edici\u00f3n de la feria son The Wine Plan, Bodega La A\u00f1orada, Galileo Wines, Casa Gil Amici, Bodega Renacer, Albaflor, Domiciano y Casa de Uco.<\/p>\n\n\n\n<p>La presencia mendocina en ProWine S\u00e3o Paulo fue estrat\u00e9gica, ya que el mercado brasile\u00f1o es uno de los m\u00e1s din\u00e1micos y con mayor potencial de crecimiento en la regi\u00f3n. El evento no solo permiti\u00f3 exhibir la diversidad y calidad del vino mendocino, sino tambi\u00e9n conectar con importadores, distribuidores, sommeliers y compradores clave de toda Am\u00e9rica Latina.<\/p>\n\n\n\n<p>ProWine S\u00e3o Paulo, respaldada por ProWein D\u00fcsseldorf, se ha consolidado como la principal feria del sector en la regi\u00f3n, atrayendo durante tres d\u00edas a profesionales del mundo del vino para establecer contactos, compartir conocimientos y generar negocios de alto nivel.<\/p>\n","protected":false},"excerpt":{"rendered":"<p>Del 30 de septiembre al 2 de octubre, Mendoza estuvo representada en ProWine S\u00e3o Paulo 2025, la feria de vinos y bebidas espirituosas m\u00e1s importante de Am\u00e9rica Latina, que se&#8230;<\/p>\n","protected":false},"author":1,"featured_media":16102,"comment_status":"closed","ping_status":"closed","sticky":false,"template":"","format":"image","meta":[],"categories":[98],"tags":[],"_links":{"self":[{"href":"https:\/\/www.promendoza.com\/es\/wp-json\/wp\/v2\/posts\/16101"}],"collection":[{"href":"https:\/\/www.promendoza.com\/es\/wp-json\/wp\/v2\/posts"}],"about":[{"href":"https:\/\/www.promendoza.com\/es\/wp-json\/wp\/v2\/types\/post"}],"author":[{"embeddable":true,"href":"https:\/\/www.promendoza.com\/es\/wp-json\/wp\/v2\/users\/1"}],"replies":[{"embeddable":true,"href":"https:\/\/www.promendoza.com\/es\/wp-json\/wp\/v2\/comments?post=16101"}],"version-history":[{"count":2,"href":"https:\/\/www.promendoza.com\/es\/wp-json\/wp\/v2\/posts\/16101\/revisions"}],"predecessor-version":[{"id":16104,"href":"https:\/\/www.promendoza.com\/es\/wp-json\/wp\/v2\/posts\/16101\/revisions\/16104"}],"wp:featuredmedia":[{"embeddable":true,"href":"https:\/\/www.promendoza.com\/es\/wp-json\/wp\/v2\/media\/16102"}],"wp:attachment":[{"href":"https:\/\/www.promendoza.com\/es\/wp-json\/wp\/v2\/media?parent=16101"}],"wp:term":[{"taxonomy":"category","embeddable":true,"href":"https:\/\/www.promendoza.com\/es\/wp-json\/wp\/v2\/categories?post=16101"},{"taxonomy":"post_tag","embeddable":true,"href":"https:\/\/www.promendoza.com\/es\/wp-json\/wp\/v2\/tags?post=16101"}],"curies":[{"name":"wp","href":"https:\/\/api.w.org\/{rel}","templated":true}]}}