{"id":16171,"date":"2025-11-29T12:18:00","date_gmt":"2025-11-29T15:18:00","guid":{"rendered":"https:\/\/www.promendoza.com\/es\/?p=16171"},"modified":"2025-12-01T12:20:45","modified_gmt":"2025-12-01T15:20:45","slug":"16171-2","status":"publish","type":"post","link":"https:\/\/www.promendoza.com\/es\/16171-2\/","title":{"rendered":"Once bodegas mendocinas participaron en la Ronda Internacional de Negocios Vitivin\u00edcolas en Buenos Aires"},"content":{"rendered":"<style type=\"text\/css\"><\/style>\n<figure class=\"wp-block-image\"><img alt=\"\"\/><\/figure>\n\n\n\n<h5>Buenos Aires fue sede de la Ronda Internacional de Negocios del sector vitivin\u00edcola, organizada por el Consejo Federal de Inversiones (CFI) junto a agencias provinciales de promoci\u00f3n comercial, entre ellas ProMendoza. Once bodegas mendocinas formaron parte del encuentro, que reuni\u00f3 a importadores de Brasil, Colombia, M\u00e9xico, Paraguay, Per\u00fa y Uruguay.<\/h5>\n\n\n\n<p>Las empresas mendocinas que participaron fueron:<\/p>\n\n\n\n<p>\u2022 Bodegas y Vi\u00f1edos Amadeo Mara\u00f1\u00f3n (Guaymall\u00e9n)<\/p>\n\n\n\n<p>\u2022 Cavas del Artesano (General Alvear)<\/p>\n\n\n\n<p>\u2022 Bodega Grand Estate (\u00c1gil NEX \u2013 San Rafael)<\/p>\n\n\n\n<p>\u2022 Familia Morgan (San Rafael)<\/p>\n\n\n\n<p>\u2022 Don Rosendo Wines (Maip\u00fa)<\/p>\n\n\n\n<p>\u2022 Imberti Wines (\u00c1gil NEX \u2013 Jun\u00edn)<\/p>\n\n\n\n<p>\u2022 Finca Muss\u00e9 (\u00c1gil NEX \u2013 Rivadavia)<\/p>\n\n\n\n<p>\u2022 Familia Garavaglia (\u00c1gil NEX \u2013 San Mart\u00edn)<\/p>\n\n\n\n<p>\u2022 Gloria Galvagno Estate (\u00c1gil NEX \u2013 San Rafael)<\/p>\n\n\n\n<p>\u2022 Bodega Monte Quieto (Luj\u00e1n de Cuyo)<\/p>\n\n\n\n<p>\u2022 Bodega Renacer (Luj\u00e1n de Cuyo)<\/p>\n\n\n\n<p>El objetivo del evento fue impulsar la competitividad internacional de las bodegas argentinas, especialmente peque\u00f1as y medianas empresas regionales, mediante una propuesta integral que combin\u00f3 rondas de negocios con importadores internacionales, capacitaci\u00f3n t\u00e9cnica y posicionamiento estrat\u00e9gico en mercados latinoamericanos.<\/p>\n\n\n\n<p><strong>Expectativas de negocios<\/strong><\/p>\n\n\n\n<p>Karina Morales, representante de Cavas del Artesano, destac\u00f3: \u00abFue una experiencia muy valiosa para nosotros. Nos abri\u00f3 muchas puertas y nos permiti\u00f3 conocer importadores\u00bb.<\/p>\n\n\n\n<p>Gabriela Zavala, de Don Rosendo Wines, se\u00f1al\u00f3: \u00abEstamos muy contentos con la feria. Ha sido muy productiva y bien organizada. Tuvimos reuniones con importadores de Brasil y esperamos seguir avanzando\u00bb.<\/p>\n\n\n\n<p>Alejandro Ramos, de Bodega Mara\u00f1\u00f3n, coment\u00f3: \u00abFue muy interesante, con capacitaciones y reuniones intensas y positivas. Hubo mucho inter\u00e9s por parte de los importadores y esperamos seguir ampliando nuestra distribuci\u00f3n internacional\u00bb.<\/p>\n\n\n\n<p>Gloria Galvagno, de Gloria Galvagno Estate, sostuvo: \u00abEste encuentro nos abri\u00f3 muchas puertas y nos brind\u00f3 apoyo para quienes somos nuevos en este proyecto. Estoy muy agradecida por la oportunidad de mostrar mi sue\u00f1o\u00bb.<\/p>\n\n\n\n<p>Moira Muss\u00e9, de Finca Muss\u00e9, agreg\u00f3: \u00abNos reunimos con importadores de Per\u00fa, Ecuador, Colombia y Brasil. M\u00e1s all\u00e1 de los resultados, estamos muy contentos con el proceso y el aprendizaje. Agradecemos a ProMendoza y al programa \u00c1gil NEX por el acompa\u00f1amiento\u00bb.<\/p>\n\n\n\n<p><strong>Los detalles de la Ronda<\/strong><\/p>\n\n\n\n<p>Durante dos jornadas, bodegas de todo el pa\u00eds mantuvieron reuniones con importadores internacionales con el prop\u00f3sito de ampliar la presencia del vino argentino en los mercados globales y consolidar v\u00ednculos comerciales sostenibles. Las de Mendoza fueron acompa\u00f1adas por ProMendoza.<\/p>\n\n\n\n<p>Las actividades incluyeron espacios de vinculaci\u00f3n directa entre bodegas argentinas e importadores; capacitaciones para bodegas, sobre tendencias de consumo en LATAM, requisitos regulatorios, certificaciones internacionales y estrategias de relacionamiento; y una masterclass para importadores, dedicada a las regiones vitivin\u00edcolas argentinas, con degustaciones guiadas.<\/p>\n\n\n\n<p>La iniciativa fue impulsada por el Consejo Federal de Inversiones (CFI) con el apoyo de agencias provinciales de promoci\u00f3n comercial y ministerios de Producci\u00f3n, en el marco de pol\u00edticas para fortalecer las pymes regionales y federalizar la oferta vitivin\u00edcola argentina.<\/p>\n","protected":false},"excerpt":{"rendered":"<p>Buenos Aires fue sede de la Ronda Internacional de Negocios del sector vitivin\u00edcola, organizada por el Consejo Federal de Inversiones (CFI) junto a agencias provinciales de promoci\u00f3n comercial, entre ellas&#8230;<\/p>\n","protected":false},"author":1,"featured_media":16172,"comment_status":"closed","ping_status":"closed","sticky":false,"template":"","format":"image","meta":[],"categories":[99],"tags":[],"_links":{"self":[{"href":"https:\/\/www.promendoza.com\/es\/wp-json\/wp\/v2\/posts\/16171"}],"collection":[{"href":"https:\/\/www.promendoza.com\/es\/wp-json\/wp\/v2\/posts"}],"about":[{"href":"https:\/\/www.promendoza.com\/es\/wp-json\/wp\/v2\/types\/post"}],"author":[{"embeddable":true,"href":"https:\/\/www.promendoza.com\/es\/wp-json\/wp\/v2\/users\/1"}],"replies":[{"embeddable":true,"href":"https:\/\/www.promendoza.com\/es\/wp-json\/wp\/v2\/comments?post=16171"}],"version-history":[{"count":3,"href":"https:\/\/www.promendoza.com\/es\/wp-json\/wp\/v2\/posts\/16171\/revisions"}],"predecessor-version":[{"id":16175,"href":"https:\/\/www.promendoza.com\/es\/wp-json\/wp\/v2\/posts\/16171\/revisions\/16175"}],"wp:featuredmedia":[{"embeddable":true,"href":"https:\/\/www.promendoza.com\/es\/wp-json\/wp\/v2\/media\/16172"}],"wp:attachment":[{"href":"https:\/\/www.promendoza.com\/es\/wp-json\/wp\/v2\/media?parent=16171"}],"wp:term":[{"taxonomy":"category","embeddable":true,"href":"https:\/\/www.promendoza.com\/es\/wp-json\/wp\/v2\/categories?post=16171"},{"taxonomy":"post_tag","embeddable":true,"href":"https:\/\/www.promendoza.com\/es\/wp-json\/wp\/v2\/tags?post=16171"}],"curies":[{"name":"wp","href":"https:\/\/api.w.org\/{rel}","templated":true}]}}