{"id":16205,"date":"2025-12-22T11:55:29","date_gmt":"2025-12-22T14:55:29","guid":{"rendered":"https:\/\/www.promendoza.com\/es\/?p=16205"},"modified":"2026-01-24T00:25:23","modified_gmt":"2026-01-24T03:25:23","slug":"mendoza-fortalece-su-presencia-en-brasil-con-un-innovador-proyecto-de-comercializacion","status":"publish","type":"post","link":"https:\/\/www.promendoza.com\/es\/mendoza-fortalece-su-presencia-en-brasil-con-un-innovador-proyecto-de-comercializacion\/","title":{"rendered":"Mendoza fortalece su presencia en Brasil con un innovador proyecto de comercializaci\u00f3n"},"content":{"rendered":"<style type=\"text\/css\"><\/style>\n<figure class=\"wp-block-image\"><img alt=\"\"\/><\/figure>\n\n\n\n<h5>Con el objetivo de ampliar la oferta de productos mendocinos en Brasil y aprovechar las nuevas tendencias de consumo, se puso en marcha un proyecto estrat\u00e9gico que busca posicionar vinos y alimentos en el mercado brasile\u00f1o a trav\u00e9s de canales m\u00e1s din\u00e1micos y flexibles.<\/h5>\n\n\n\n<p>Seg\u00fan explic\u00f3 Gaetano Aguilera Prisco, responsable del mercado de Brasil en ProMendoza y uno de los impulsores de la iniciativa, el mercado brasile\u00f1o ha cambiado significativamente en los \u00faltimos a\u00f1os: \u201cCada vez se afianza m\u00e1s el concepto de comprar en pocas cantidades. Hoy es dif\u00edcil que un importador adquiera una carga completa; los bares y restaurantes, por ejemplo, necesitan variedad y vol\u00famenes peque\u00f1os\u201d.<\/p>\n\n\n\n<p>Este cambio en la modalidad de compra, sumado a las ventajas fiscales que ofrecen algunos estados como Santa Catarina, ha impulsado la creaci\u00f3n de un showroom en Cambori\u00fa, -que ser\u00e1 provisto con mercader\u00eda del hub log\u00edstico que Mendoza tiene en Santa Catarina- y, cuya inauguraci\u00f3n est\u00e1 prevista para el 12 de diciembre pr\u00f3ximo. Este espacio funcionar\u00e1 como vidriera para los productos mendocinos y punto de venta directo, ubicado estrat\u00e9gicamente frente a un hotel con alto flujo tur\u00edstico.<\/p>\n\n\n\n<p>El proyecto contempla trabajar con el canal Horeca (hoteles, restaurantes y cafeter\u00edas) y con ABRASEL, la entidad que agrupa a bares y restaurantes en todo Brasil. \u201cBuscamos duplicar la cantidad de empresas mendocinas participantes de esta promoci\u00f3n y ventas en Brasil, porque la demanda est\u00e1 creciendo y no se limita s\u00f3lo al vino: tambi\u00e9n hay inter\u00e9s en alimentos como conservas, frutos secos y productos espec\u00edficos para gastronom\u00eda\u201d, agreg\u00f3 Aguilera Prisco.<\/p>\n\n\n\n<p>Adem\u00e1s, se prev\u00e9 incorporar empresas con envases adaptados al canal Horeca y sumar alimentos en la pr\u00f3xima carga, programada para comienzos del 2026. El showroom no s\u00f3lo permitir\u00e1 la venta directa, sino que tambi\u00e9n ser\u00e1 una plataforma para atraer turismo hacia Mendoza, mostrando la riqueza de su oferta vitivin\u00edcola y gastron\u00f3mica y despertando el inter\u00e9s de consumir nuestros vinos y alimentos a trav\u00e9s de clubes de vinos que visiten la provincia.<\/p>\n\n\n\n<p><strong>Empresas mendocinas en el Hub de Santa Catarina<\/strong><\/p>\n\n\n\n<p>El proyecto ya cuenta con la participaci\u00f3n de destacadas firmas mendocinas que han apostado por esta plataforma estrat\u00e9gica en Brasil. Entre ellas se encuentran FENIX S.A. (Zummy), Magia de Uco, La Padovana, Cuvelier Los Andes, Crowdfunding, Finca Don Carlos, Familia Rivero Casa de Vinos e Ivo Perabo, con su l\u00ednea de frutos secos. Estas empresas representan la diversidad y calidad de la producci\u00f3n mendocina, desde vinos de alta gama hasta alimentos premium, consolidando la presencia de la provincia en uno de los mercados m\u00e1s din\u00e1micos de Am\u00e9rica Latina.<\/p>\n\n\n\n<p><strong>Nueva acci\u00f3n conjunta con ABRASEL<\/strong><\/p>\n\n\n\n<p>Como parte de esta estrategia, ProMendoza y ABRASEL (Asociaci\u00f3n de Bares y Restaurantes de Brasil) llevaron adelante el primer evento en el norte de Minas Gerais, realizado en el reconocido restaurante Venda do Fred, un espacio emblem\u00e1tico que sirvi\u00f3 de punto de encuentro entre la gastronom\u00eda local y la identidad vitivin\u00edcola argentina.<\/p>\n\n\n\n<p>Todas las bodegas que forman parte del proyecto participaron activamente, compartiendo su historia, su trabajo y el car\u00e1cter \u00fanico de cada terroir. Fue una excelente instancia para fortalecer v\u00ednculos, generar nuevas oportunidades comerciales y acercar nuestros vinos a referentes clave de la regi\u00f3n.<\/p>\n\n\n\n<p>La jornada cont\u00f3 con la presencia especial de Gianfranco Budeta (Magia de Uco), quien viaj\u00f3 exclusivamente para acompa\u00f1ar la acci\u00f3n y aportar su experiencia en la promoci\u00f3n de vinos argentinos. Su participaci\u00f3n fue fundamental para enriquecer el intercambio y potenciar el impacto del evento.<\/p>\n","protected":false},"excerpt":{"rendered":"<p>Con el objetivo de ampliar la oferta de productos mendocinos en Brasil y aprovechar las nuevas tendencias de consumo, se puso en marcha un proyecto estrat\u00e9gico que busca posicionar vinos&#8230;<\/p>\n","protected":false},"author":1,"featured_media":16206,"comment_status":"closed","ping_status":"closed","sticky":false,"template":"","format":"image","meta":[],"categories":[94],"tags":[],"_links":{"self":[{"href":"https:\/\/www.promendoza.com\/es\/wp-json\/wp\/v2\/posts\/16205"}],"collection":[{"href":"https:\/\/www.promendoza.com\/es\/wp-json\/wp\/v2\/posts"}],"about":[{"href":"https:\/\/www.promendoza.com\/es\/wp-json\/wp\/v2\/types\/post"}],"author":[{"embeddable":true,"href":"https:\/\/www.promendoza.com\/es\/wp-json\/wp\/v2\/users\/1"}],"replies":[{"embeddable":true,"href":"https:\/\/www.promendoza.com\/es\/wp-json\/wp\/v2\/comments?post=16205"}],"version-history":[{"count":2,"href":"https:\/\/www.promendoza.com\/es\/wp-json\/wp\/v2\/posts\/16205\/revisions"}],"predecessor-version":[{"id":16208,"href":"https:\/\/www.promendoza.com\/es\/wp-json\/wp\/v2\/posts\/16205\/revisions\/16208"}],"wp:featuredmedia":[{"embeddable":true,"href":"https:\/\/www.promendoza.com\/es\/wp-json\/wp\/v2\/media\/16206"}],"wp:attachment":[{"href":"https:\/\/www.promendoza.com\/es\/wp-json\/wp\/v2\/media?parent=16205"}],"wp:term":[{"taxonomy":"category","embeddable":true,"href":"https:\/\/www.promendoza.com\/es\/wp-json\/wp\/v2\/categories?post=16205"},{"taxonomy":"post_tag","embeddable":true,"href":"https:\/\/www.promendoza.com\/es\/wp-json\/wp\/v2\/tags?post=16205"}],"curies":[{"name":"wp","href":"https:\/\/api.w.org\/{rel}","templated":true}]}}