{"id":16238,"date":"2026-01-23T12:30:00","date_gmt":"2026-01-23T15:30:00","guid":{"rendered":"https:\/\/www.promendoza.com\/es\/?p=16238"},"modified":"2026-01-27T12:33:12","modified_gmt":"2026-01-27T15:33:12","slug":"casado-y-gimenez-se-reunieron-con-empresarios-del-sector-productivo-y-exportador-del-sur-mendocino","status":"publish","type":"post","link":"https:\/\/www.promendoza.com\/es\/casado-y-gimenez-se-reunieron-con-empresarios-del-sector-productivo-y-exportador-del-sur-mendocino\/","title":{"rendered":"Casado y Gim\u00e9nez se reunieron con empresarios del sector productivo y exportador del Sur mendocino"},"content":{"rendered":"<style type=\"text\/css\"><\/style>\n<figure class=\"wp-block-image\"><img alt=\"\"\/><\/figure>\n\n\n\n<h5>El encuentro tuvo como eje central el avance del protocolo fitosanitario que permitir\u00e1 exportar frutos de carozo en fresco al mercado chino, adem\u00e1s de analizar el impacto positivo que podr\u00eda tener para la provincia la puesta en marcha del acuerdo entre el Mercosur y la Uni\u00f3n Europea.<\/h5>\n\n\n\n<p>La vicegobernadora de Mendoza, Hebe Casado, y la presidenta de la Unidad ProMendoza, Patricia Gim\u00e9nez, encabezaron una reuni\u00f3n de trabajo con empresarios del sector productivo del Sur de la provincia en la sede de la C\u00e1mara de Comercio de San Rafael.<\/p>\n\n\n\n<p>En la reuni\u00f3n participaron referentes de c\u00e1maras empresarias de San Rafael, General Alvear y Malarg\u00fce, junto a productores, exportadores y representantes del sector agroindustrial, quienes intercambiaron opiniones sobre la actualidad productiva, las oportunidades comerciales y los desaf\u00edos que enfrenta la econom\u00eda regional.<\/p>\n\n\n\n<p>Durante el encuentro, la vicegobernadora Hebe Casado puso en valor el trabajo articulado entre el Estado y el sector privado para fortalecer la producci\u00f3n mendocina. \u201cSe da un importante avance para el sector productivo para la fruta de carozo. Se viene trabajando desde hace bastante tiempo entre los diferentes organismos, como ProMendoza y el Ministerio de Producci\u00f3n, intentando mejorar todo lo que tiene que ver con la comercializaci\u00f3n de lo que producimos en Mendoza\u201d, expres\u00f3.<\/p>\n\n\n\n<p>Casado remarc\u00f3 especialmente la relevancia de la ciruela para el Sur provincial y su peso dentro de la matriz productiva. \u201cPara el Sur mendocino, lo que tiene que ver con la ciruela es fundamental, es nuestro principal caballito de batalla en cuanto a producci\u00f3n y somos ejemplo para el resto de los productos que salen de Mendoza\u201d, afirm\u00f3. Adem\u00e1s, destac\u00f3 que se trata de un mercado din\u00e1mico, impulsado principalmente por el sector privado, pero que requiere del acompa\u00f1amiento del Estado.<\/p>\n\n\n\n<p>En ese sentido, la vicegobernadora se\u00f1al\u00f3 que se est\u00e1n generando condiciones favorables para la apertura de mercados hist\u00f3ricamente cerrados. \u201cHoy se dan situaciones de apertura de mercados que ven\u00edan cerrados desde hace mucho tiempo, con diferenciaciones de aranceles que hab\u00edan perjudicado a la producci\u00f3n argentina. Por eso nos llena de esperanza el convenio entre la Uni\u00f3n Europea y el Mercosur, y la posibilidad de abrir mercados a trav\u00e9s de nuevos protocolos con China\u201d, sostuvo.<\/p>\n\n\n\n<p>Adem\u00e1s, Casado mencion\u00f3 avances en la relaci\u00f3n con otros pa\u00edses estrat\u00e9gicos: \u201cTambi\u00e9n estamos hablando con India, con quien Mendoza ha quedado con una muy buena relaci\u00f3n a partir del trabajo conjunto en protocolos aduaneros, y con Chile, que est\u00e1 interesado en la habilitaci\u00f3n de pasos clave como Pehuenche y en avanzar en el Paso Las Le\u00f1as\u201d.<\/p>\n\n\n\n<p>Por su parte, la presidenta de la Unidad ProMendoza, Patricia Gim\u00e9nez, explic\u00f3 que la importancia que tienen el Sur para las exportaciones de Mendoza. \u201cQuer\u00eda volver a verlos para contarles cu\u00e1l va a ser la agenda de este a\u00f1o y escuchar que desde el sector quieren que agreguemos a la agenda prevista para 2026\u201d, indic\u00f3.<\/p>\n\n\n\n<p>Gim\u00e9nez destac\u00f3 especialmente el logro alcanzado en relaci\u00f3n con el avance del protocolo sanitario con China. \u201cHace un a\u00f1o, un a\u00f1o y medio, nos juntamos aqu\u00ed y nos planteaban la necesidad del protocolo para la fruta hacia China. Hoy podemos brindar por un logro conjunto que fue la visita de t\u00e9cnicos chinos a la Rep\u00fablica Argentina y se ha encaminado este protocolo\u201d, se\u00f1al\u00f3.<\/p>\n\n\n\n<p>\u201cCuando se firme, el protocolo va a estar aprobado para toda la Rep\u00fablica Argentina. Se trabaj\u00f3 en distintas cabeceras provinciales, pero lo importante es que toda la producci\u00f3n nacional va a quedar alcanzada\u201d, explic\u00f3.<\/p>\n\n\n\n<p>En cuanto al impacto concreto para los productores, Gim\u00e9nez fue contundente: \u201cCuando est\u00e9 aprobado, se abrir\u00e1n nuevas oportunidades para la ciruela y el durazno. Esto es clave, porque a partir de ah\u00ed todo lo dem\u00e1s es comercializaci\u00f3n, un mundo de trabajo que tenemos que hacer los empresarios junto a ProMendoza\u201d. Asimismo, destac\u00f3 el potencial del mercado chino: \u201cChina no solo ha aumentado su superficie cultivada, sino que promueve el consumo de ciruela fresca y seca por los beneficios que tiene para la salud, lo que abre una gran oportunidad para Mendoza\u201d.<\/p>\n\n\n\n<p>A su turno, el presidente del Cl\u00faster y del Comit\u00e9 de Exportadores de Ciruelas (CECIM), Lucio \u00c1lvarez, valor\u00f3 el avance de las gestiones y su impacto para la econom\u00eda regional. \u201cPara San Rafael y para todo el sector de la ciruela es muy importante la aprobaci\u00f3n de los protocolos, tanto para fruta fresca como para fruta seca. El de fruta seca est\u00e1 pr\u00e1cticamente a la firma y la comitiva china se fue muy conforme con la visita realizada\u201d, afirm\u00f3.<\/p>\n\n\n\n<p>\u00c1lvarez destac\u00f3 adem\u00e1s la calidad del producto mendocino y su aceptaci\u00f3n en el exterior. \u201cLa ciruela argentina est\u00e1 muy bien vista, es muy dulce y tiene caracter\u00edsticas que la diferencian de la de otros pa\u00edses. Mientras m\u00e1s vayamos abriendo mercados, bajando aranceles y mejorando la producci\u00f3n, la ciruela va a ser un motor dentro de la provincia\u201d, asegur\u00f3.<\/p>\n","protected":false},"excerpt":{"rendered":"<p>El encuentro tuvo como eje central el avance del protocolo fitosanitario que permitir\u00e1 exportar frutos de carozo en fresco al mercado chino, adem\u00e1s de analizar el impacto positivo que podr\u00eda&#8230;<\/p>\n","protected":false},"author":1,"featured_media":16240,"comment_status":"closed","ping_status":"closed","sticky":false,"template":"","format":"image","meta":[],"categories":[103],"tags":[],"_links":{"self":[{"href":"https:\/\/www.promendoza.com\/es\/wp-json\/wp\/v2\/posts\/16238"}],"collection":[{"href":"https:\/\/www.promendoza.com\/es\/wp-json\/wp\/v2\/posts"}],"about":[{"href":"https:\/\/www.promendoza.com\/es\/wp-json\/wp\/v2\/types\/post"}],"author":[{"embeddable":true,"href":"https:\/\/www.promendoza.com\/es\/wp-json\/wp\/v2\/users\/1"}],"replies":[{"embeddable":true,"href":"https:\/\/www.promendoza.com\/es\/wp-json\/wp\/v2\/comments?post=16238"}],"version-history":[{"count":2,"href":"https:\/\/www.promendoza.com\/es\/wp-json\/wp\/v2\/posts\/16238\/revisions"}],"predecessor-version":[{"id":16242,"href":"https:\/\/www.promendoza.com\/es\/wp-json\/wp\/v2\/posts\/16238\/revisions\/16242"}],"wp:featuredmedia":[{"embeddable":true,"href":"https:\/\/www.promendoza.com\/es\/wp-json\/wp\/v2\/media\/16240"}],"wp:attachment":[{"href":"https:\/\/www.promendoza.com\/es\/wp-json\/wp\/v2\/media?parent=16238"}],"wp:term":[{"taxonomy":"category","embeddable":true,"href":"https:\/\/www.promendoza.com\/es\/wp-json\/wp\/v2\/categories?post=16238"},{"taxonomy":"post_tag","embeddable":true,"href":"https:\/\/www.promendoza.com\/es\/wp-json\/wp\/v2\/tags?post=16238"}],"curies":[{"name":"wp","href":"https:\/\/api.w.org\/{rel}","templated":true}]}}