{"id":16542,"date":"2026-04-25T21:30:00","date_gmt":"2026-04-26T00:30:00","guid":{"rendered":"https:\/\/www.promendoza.com\/es\/?p=16542"},"modified":"2026-04-25T21:32:19","modified_gmt":"2026-04-26T00:32:19","slug":"promendoza-invita-a-pymes-mendocinas-a-participar-en-apas-show-2026-en-brasil","status":"publish","type":"post","link":"https:\/\/www.promendoza.com\/es\/promendoza-invita-a-pymes-mendocinas-a-participar-en-apas-show-2026-en-brasil\/","title":{"rendered":"ProMendoza invita a pymes mendocinas a participar en APAS Show 2026, en Brasil"},"content":{"rendered":"<style type=\"text\/css\"><\/style>\n<figure class=\"wp-block-image\"><img alt=\"\"\/><\/figure>\n\n\n\n<h5>Es una oportunidad clave para ingresar o consolidar la presencia en el mercado brasile\u00f1o, generar contactos de valor y ampliar la proyecci\u00f3n internacional de la oferta exportable mendocina.<\/h5>\n\n\n\n<p>ProMendoza convoca a peque\u00f1as y medianas empresas de Mendoza de los sectores de alimentos frescos, alimentos procesados, vinos y bebidas a participar en APAS Show, una de las ferias internacionales m\u00e1s importantes del sector supermercadista de Am\u00e9rica Latina, que se desarrollar\u00e1 del 18 al 21 de mayo en la ciudad de San Pablo, Brasil.<\/p>\n\n\n\n<p>En el marco de esta acci\u00f3n, ProMendoza pone a disposici\u00f3n la participaci\u00f3n conjunta de empresas mendocinas en&nbsp;<em>stands&nbsp;<\/em>institucionales, especialmente dise\u00f1ados para facilitar el contacto comercial. Los espacios contar\u00e1n con mesas y sillas destinadas a la realizaci\u00f3n de reuniones de negocios con potenciales compradores y socios estrat\u00e9gicos del mercado brasile\u00f1o e internacional.<\/p>\n\n\n\n<p>El costo de participaci\u00f3n es de 300 d\u00f3lares por empresa. APAS Show representa una oportunidad clave para ingresar o consolidar la presencia en el mercado brasile\u00f1o, generar contactos de valor y ampliar la proyecci\u00f3n internacional de la oferta exportable mendocina, en un \u00e1mbito que concentra a los principales tomadores de decisi\u00f3n del sector supermercadista de la regi\u00f3n.<\/p>\n\n\n\n<p>Las inscripciones estar\u00e1n abiertas hasta el mi\u00e9rcoles 29 de abril y los cupos son limitados.<\/p>\n\n\n\n<p>Las empresas interesadas pueden inscribirse en&nbsp;<a href=\"https:\/\/tinyurl.com\/ProMendozaApas\">este enlace<\/a>&nbsp;o solicitar m\u00e1s informaci\u00f3n comunic\u00e1ndose con Fernando Urdaniz al correo&nbsp;<a href=\"mailto:furdaniz@promendoza.com\">furdaniz@promendoza.com<\/a>.<\/p>\n","protected":false},"excerpt":{"rendered":"<p>Es una oportunidad clave para ingresar o consolidar la presencia en el mercado brasile\u00f1o, generar contactos de valor y ampliar la proyecci\u00f3n internacional de la oferta exportable mendocina. ProMendoza convoca&#8230;<\/p>\n","protected":false},"author":1,"featured_media":16543,"comment_status":"closed","ping_status":"closed","sticky":false,"template":"","format":"image","meta":[],"categories":[36],"tags":[],"_links":{"self":[{"href":"https:\/\/www.promendoza.com\/es\/wp-json\/wp\/v2\/posts\/16542"}],"collection":[{"href":"https:\/\/www.promendoza.com\/es\/wp-json\/wp\/v2\/posts"}],"about":[{"href":"https:\/\/www.promendoza.com\/es\/wp-json\/wp\/v2\/types\/post"}],"author":[{"embeddable":true,"href":"https:\/\/www.promendoza.com\/es\/wp-json\/wp\/v2\/users\/1"}],"replies":[{"embeddable":true,"href":"https:\/\/www.promendoza.com\/es\/wp-json\/wp\/v2\/comments?post=16542"}],"version-history":[{"count":2,"href":"https:\/\/www.promendoza.com\/es\/wp-json\/wp\/v2\/posts\/16542\/revisions"}],"predecessor-version":[{"id":16545,"href":"https:\/\/www.promendoza.com\/es\/wp-json\/wp\/v2\/posts\/16542\/revisions\/16545"}],"wp:featuredmedia":[{"embeddable":true,"href":"https:\/\/www.promendoza.com\/es\/wp-json\/wp\/v2\/media\/16543"}],"wp:attachment":[{"href":"https:\/\/www.promendoza.com\/es\/wp-json\/wp\/v2\/media?parent=16542"}],"wp:term":[{"taxonomy":"category","embeddable":true,"href":"https:\/\/www.promendoza.com\/es\/wp-json\/wp\/v2\/categories?post=16542"},{"taxonomy":"post_tag","embeddable":true,"href":"https:\/\/www.promendoza.com\/es\/wp-json\/wp\/v2\/tags?post=16542"}],"curies":[{"name":"wp","href":"https:\/\/api.w.org\/{rel}","templated":true}]}}