{"id":4614,"date":"2017-10-13T09:23:55","date_gmt":"2017-10-13T12:23:55","guid":{"rendered":"http:\/\/www.promendoza.com\/?p=4614"},"modified":"2017-10-13T09:23:55","modified_gmt":"2017-10-13T12:23:55","slug":"empresarios-mendocinos-culminan-mision-en-alemania-holanda-y-francia","status":"publish","type":"post","link":"https:\/\/www.promendoza.com\/es\/empresarios-mendocinos-culminan-mision-en-alemania-holanda-y-francia\/","title":{"rendered":"Empresarios mendocinos culminan Misi\u00f3n en Alemania, Holanda y Francia"},"content":{"rendered":"<style type=\"text\/css\"><\/style><h4>Culmina este fin de semana la Misi\u00f3n Comercial a Pa\u00edses Bajos y la visita a la Feria de Alimentos Secos y Desecados Anuga 2017 realizada en Alemania.<\/h4>\n<p>La Misi\u00f3n comenz\u00f3 en Alemania el 4 de octubre pasado, se traslad\u00f3 a La Haya el 11 de octubre para reuniones de comerciales e institucionales y culmina el 16 en Tolouse, Francia.<\/p>\n<p><strong>Las empresas participantes<\/strong><br \/>\nPeque\u00f1as y Medianas empresas de Mendoza vinculadas a alimentos participaron de la Misi\u00f3n.<br \/>\nFinca Villa Bonita, La reserva S.A., Omar Alonso S.A., ARGENSUN S.A., CIMAFRU S.A., AGRORUGGIERI S.A., PRESIDENTE S.A., GALEANO &#038; ANTONACCI S.A., NEVADA ARGENTINA S.A, ha llevado adelante una importante agenda de reuniones y negocios.<br \/>\nLas empresas comercializan en el exterior Frutas secas y desecadas (ciruelas, pasas, mix); productos gourmets, kosher y org\u00e1nicos; aceite de oliva y aceitunas (rellenas, con y sin carozo); vino; dulces y mermeladas; aceite de pepita de uva, ingredientes, conservas y jugos concentrados.<\/p>\n<p><img loading=\"lazy\" class=\"alignnone wp-image-4616 \" src=\"http:\/\/www.promendoza.com\/wp-content\/uploads\/2017\/10\/WhatsApp-Image-2017-10-10-at-03.41.57-300x169.jpeg\" alt=\"\" width=\"378\" height=\"213\" srcset=\"https:\/\/www.promendoza.com\/wp-content\/uploads\/2017\/10\/WhatsApp-Image-2017-10-10-at-03.41.57-300x169.jpeg 300w, https:\/\/www.promendoza.com\/wp-content\/uploads\/2017\/10\/WhatsApp-Image-2017-10-10-at-03.41.57-768x432.jpeg 768w, https:\/\/www.promendoza.com\/wp-content\/uploads\/2017\/10\/WhatsApp-Image-2017-10-10-at-03.41.57-1024x576.jpeg 1024w, https:\/\/www.promendoza.com\/wp-content\/uploads\/2017\/10\/WhatsApp-Image-2017-10-10-at-03.41.57-580x326.jpeg 580w, https:\/\/www.promendoza.com\/wp-content\/uploads\/2017\/10\/WhatsApp-Image-2017-10-10-at-03.41.57-820x461.jpeg 820w, https:\/\/www.promendoza.com\/wp-content\/uploads\/2017\/10\/WhatsApp-Image-2017-10-10-at-03.41.57-1160x653.jpeg 1160w, https:\/\/www.promendoza.com\/wp-content\/uploads\/2017\/10\/WhatsApp-Image-2017-10-10-at-03.41.57.jpeg 1280w\" sizes=\"(max-width: 378px) 100vw, 378px\" \/>\u00a0<img loading=\"lazy\" class=\"alignnone wp-image-4617 \" src=\"http:\/\/www.promendoza.com\/wp-content\/uploads\/2017\/10\/WhatsApp-Image-2017-10-08-at-06.37.03-300x225.jpeg\" alt=\"\" width=\"283\" height=\"212\" srcset=\"https:\/\/www.promendoza.com\/wp-content\/uploads\/2017\/10\/WhatsApp-Image-2017-10-08-at-06.37.03-300x225.jpeg 300w, https:\/\/www.promendoza.com\/wp-content\/uploads\/2017\/10\/WhatsApp-Image-2017-10-08-at-06.37.03-768x576.jpeg 768w, https:\/\/www.promendoza.com\/wp-content\/uploads\/2017\/10\/WhatsApp-Image-2017-10-08-at-06.37.03-1024x768.jpeg 1024w, https:\/\/www.promendoza.com\/wp-content\/uploads\/2017\/10\/WhatsApp-Image-2017-10-08-at-06.37.03-580x435.jpeg 580w, https:\/\/www.promendoza.com\/wp-content\/uploads\/2017\/10\/WhatsApp-Image-2017-10-08-at-06.37.03-820x615.jpeg 820w, https:\/\/www.promendoza.com\/wp-content\/uploads\/2017\/10\/WhatsApp-Image-2017-10-08-at-06.37.03.jpeg 1040w\" sizes=\"(max-width: 283px) 100vw, 283px\" \/><\/p>\n<p><strong>Importante Feria de Alimentos<\/strong><br \/>\nEs la feria de alimentos y bebidas m\u00e1s importante y prestigiosa del mundo. En ella exhiben las principales empresas internacionales. Participaron gran cantidad de visitantes profesionales del canal de distribuci\u00f3n de alimentos y bebidas, conformado por los mayoristas especializados y generales, cadenas de autoservicio, etc.<\/p>\n<p><img loading=\"lazy\" class=\"alignnone wp-image-4618 size-medium\" src=\"http:\/\/www.promendoza.com\/wp-content\/uploads\/2017\/10\/WhatsApp-Image-2017-10-12-at-18.23.53-225x300.jpeg\" alt=\"\" width=\"225\" height=\"300\" srcset=\"https:\/\/www.promendoza.com\/wp-content\/uploads\/2017\/10\/WhatsApp-Image-2017-10-12-at-18.23.53-225x300.jpeg 225w, https:\/\/www.promendoza.com\/wp-content\/uploads\/2017\/10\/WhatsApp-Image-2017-10-12-at-18.23.53-768x1024.jpeg 768w, https:\/\/www.promendoza.com\/wp-content\/uploads\/2017\/10\/WhatsApp-Image-2017-10-12-at-18.23.53-580x773.jpeg 580w, https:\/\/www.promendoza.com\/wp-content\/uploads\/2017\/10\/WhatsApp-Image-2017-10-12-at-18.23.53-820x1093.jpeg 820w, https:\/\/www.promendoza.com\/wp-content\/uploads\/2017\/10\/WhatsApp-Image-2017-10-12-at-18.23.53.jpeg 864w\" sizes=\"(max-width: 225px) 100vw, 225px\" \/>\u00a0<img loading=\"lazy\" class=\"alignnone wp-image-4619 \" src=\"http:\/\/www.promendoza.com\/wp-content\/uploads\/2017\/10\/WhatsApp-Image-2017-10-12-at-18.26.55-300x225.jpeg\" alt=\"\" width=\"397\" height=\"298\" srcset=\"https:\/\/www.promendoza.com\/wp-content\/uploads\/2017\/10\/WhatsApp-Image-2017-10-12-at-18.26.55-300x225.jpeg 300w, https:\/\/www.promendoza.com\/wp-content\/uploads\/2017\/10\/WhatsApp-Image-2017-10-12-at-18.26.55-768x576.jpeg 768w, https:\/\/www.promendoza.com\/wp-content\/uploads\/2017\/10\/WhatsApp-Image-2017-10-12-at-18.26.55-1024x768.jpeg 1024w, https:\/\/www.promendoza.com\/wp-content\/uploads\/2017\/10\/WhatsApp-Image-2017-10-12-at-18.26.55-580x435.jpeg 580w, https:\/\/www.promendoza.com\/wp-content\/uploads\/2017\/10\/WhatsApp-Image-2017-10-12-at-18.26.55-820x615.jpeg 820w, https:\/\/www.promendoza.com\/wp-content\/uploads\/2017\/10\/WhatsApp-Image-2017-10-12-at-18.26.55.jpeg 1040w\" sizes=\"(max-width: 397px) 100vw, 397px\" \/><\/p>\n","protected":false},"excerpt":{"rendered":"<p>Culmina este fin de semana la Misi\u00f3n Comercial a Pa\u00edses Bajos y la visita a la Feria de Alimentos Secos y Desecados Anuga 2017 realizada en Alemania. La Misi\u00f3n comenz\u00f3&#8230;<\/p>\n","protected":false},"author":1,"featured_media":8520,"comment_status":"closed","ping_status":"open","sticky":false,"template":"","format":"image","meta":[],"categories":[45,3],"tags":[],"_links":{"self":[{"href":"https:\/\/www.promendoza.com\/es\/wp-json\/wp\/v2\/posts\/4614"}],"collection":[{"href":"https:\/\/www.promendoza.com\/es\/wp-json\/wp\/v2\/posts"}],"about":[{"href":"https:\/\/www.promendoza.com\/es\/wp-json\/wp\/v2\/types\/post"}],"author":[{"embeddable":true,"href":"https:\/\/www.promendoza.com\/es\/wp-json\/wp\/v2\/users\/1"}],"replies":[{"embeddable":true,"href":"https:\/\/www.promendoza.com\/es\/wp-json\/wp\/v2\/comments?post=4614"}],"version-history":[{"count":0,"href":"https:\/\/www.promendoza.com\/es\/wp-json\/wp\/v2\/posts\/4614\/revisions"}],"wp:featuredmedia":[{"embeddable":true,"href":"https:\/\/www.promendoza.com\/es\/wp-json\/wp\/v2\/media\/8520"}],"wp:attachment":[{"href":"https:\/\/www.promendoza.com\/es\/wp-json\/wp\/v2\/media?parent=4614"}],"wp:term":[{"taxonomy":"category","embeddable":true,"href":"https:\/\/www.promendoza.com\/es\/wp-json\/wp\/v2\/categories?post=4614"},{"taxonomy":"post_tag","embeddable":true,"href":"https:\/\/www.promendoza.com\/es\/wp-json\/wp\/v2\/tags?post=4614"}],"curies":[{"name":"wp","href":"https:\/\/api.w.org\/{rel}","templated":true}]}}