{"id":4650,"date":"2017-10-19T11:28:57","date_gmt":"2017-10-19T14:28:57","guid":{"rendered":"http:\/\/www.promendoza.com\/?p=4650"},"modified":"2017-10-19T11:28:57","modified_gmt":"2017-10-19T14:28:57","slug":"tenes-una-pyme-tenes-beneficios-adicionales-en-mendoza","status":"publish","type":"post","link":"https:\/\/www.promendoza.com\/es\/tenes-una-pyme-tenes-beneficios-adicionales-en-mendoza\/","title":{"rendered":"Ten\u00e9s una PyME, ten\u00e9s beneficios adicionales en Mendoza"},"content":{"rendered":"<style type=\"text\/css\"><\/style><h4>Mendoza adhiri\u00f3 al R\u00e9gimen Nacional de Fomento para las Micro, Peque\u00f1as y Medianas Empresas.<\/h4>\n<p>Con la aprobaci\u00f3n de la Ley 9.006, Mendoza adhiri\u00f3 al R\u00e9gimen de Fomento para la Micro, Peque\u00f1as y Medianas Empresas<\/p>\n<p>Adem\u00e1s de los beneficios otorgados por la Ley Nacional N\u00ba 27.264, Mendoza brinda las siguientes ventajas:<\/p>\n<p><strong>Estabilidad fiscal en los impuestos de Ingresos Brutos e Impuesto de Sellos<\/strong> y se extender\u00e1 por el t\u00e9rmino dispuesto por los art\u00edculos 15 y 16 de la Ley Nacional N\u00ba 27264.<br \/>\nLas disposiciones ser\u00e1n aplicables a las inversiones productivas que se realicen entre el <strong>1\u00b0 de julio de 2016 y el 31 de diciembre de 2018<\/strong>, ambas fechas inclusive.<br \/>\nEstablece la imposibilidad del Estado Provincial de incrementar las al\u00edcuotas de los impuestos sobre los ingresos brutos y de sellos correspondientes a las actividades desarrolladas por los beneficiarios y a los instrumentos otorgados por ellos durante el plazo previsto en el p\u00e1rrafo anterior.<\/p>\n<h5><strong>Nueva Clasificaci\u00f3n PyME:<\/strong><\/h5>\n<p>Se actualizaron los montos m\u00e1ximos de facturaci\u00f3n anual para que ninguna peque\u00f1a o mediana empresa quede afuera de los beneficios.<\/p>\n<p><img loading=\"lazy\" class=\"alignnone size-full wp-image-4651\" src=\"http:\/\/www.promendoza.com\/wp-content\/uploads\/2017\/10\/Clasificaci\u00f3n-PyME-2.jpg\" alt=\"\" width=\"811\" height=\"453\" \/><\/p>\n<h5>Para mayor informaci\u00f3n ingrese al siguiente link: <em><span style=\"color: #0000ff;\"><strong><a href=\"http:\/\/www.produccion.gob.ar\/pymes\">\u00a0Beneficio para PyME\u00a0<\/a><\/strong><\/span><\/em><\/h5>\n","protected":false},"excerpt":{"rendered":"<p>Mendoza adhiri\u00f3 al R\u00e9gimen Nacional de Fomento para las Micro, Peque\u00f1as y Medianas Empresas. Con la aprobaci\u00f3n de la Ley 9.006, Mendoza adhiri\u00f3 al R\u00e9gimen de Fomento para la Micro,&#8230;<\/p>\n","protected":false},"author":1,"featured_media":8526,"comment_status":"closed","ping_status":"open","sticky":false,"template":"","format":"image","meta":[],"categories":[52],"tags":[],"_links":{"self":[{"href":"https:\/\/www.promendoza.com\/es\/wp-json\/wp\/v2\/posts\/4650"}],"collection":[{"href":"https:\/\/www.promendoza.com\/es\/wp-json\/wp\/v2\/posts"}],"about":[{"href":"https:\/\/www.promendoza.com\/es\/wp-json\/wp\/v2\/types\/post"}],"author":[{"embeddable":true,"href":"https:\/\/www.promendoza.com\/es\/wp-json\/wp\/v2\/users\/1"}],"replies":[{"embeddable":true,"href":"https:\/\/www.promendoza.com\/es\/wp-json\/wp\/v2\/comments?post=4650"}],"version-history":[{"count":0,"href":"https:\/\/www.promendoza.com\/es\/wp-json\/wp\/v2\/posts\/4650\/revisions"}],"wp:featuredmedia":[{"embeddable":true,"href":"https:\/\/www.promendoza.com\/es\/wp-json\/wp\/v2\/media\/8526"}],"wp:attachment":[{"href":"https:\/\/www.promendoza.com\/es\/wp-json\/wp\/v2\/media?parent=4650"}],"wp:term":[{"taxonomy":"category","embeddable":true,"href":"https:\/\/www.promendoza.com\/es\/wp-json\/wp\/v2\/categories?post=4650"},{"taxonomy":"post_tag","embeddable":true,"href":"https:\/\/www.promendoza.com\/es\/wp-json\/wp\/v2\/tags?post=4650"}],"curies":[{"name":"wp","href":"https:\/\/api.w.org\/{rel}","templated":true}]}}