{"id":4672,"date":"2017-10-23T10:08:04","date_gmt":"2017-10-23T13:08:04","guid":{"rendered":"http:\/\/www.promendoza.com\/?p=4672"},"modified":"2017-10-23T10:08:04","modified_gmt":"2017-10-23T13:08:04","slug":"promendoza-continua-fomentando-la-complementacion-de-empresas","status":"publish","type":"post","link":"https:\/\/www.promendoza.com\/es\/promendoza-continua-fomentando-la-complementacion-de-empresas\/","title":{"rendered":"ProMendoza contin\u00faa fomentando la complementaci\u00f3n de empresas"},"content":{"rendered":"<style type=\"text\/css\"><\/style><p>Como resultado de una misi\u00f3n comercial que se realiz\u00f3 a mediados de este a\u00f1o a Medell\u00edn, la firma mendocina Control Point se convertir\u00e1 en la representante regional del grupo portugu\u00e9s DG, que desarrolla equipos aut\u00f3nomos para la generaci\u00f3n el\u00e9ctrica con turbinas e\u00f3licas y de paneles solares combinados.<\/p>\n<p><img loading=\"lazy\" class=\"wp-image-4674 alignright\" src=\"http:\/\/www.promendoza.com\/wp-content\/uploads\/2017\/11\/WhatsApp-Image-2017-11-02-at-12.48.07-225x300.jpeg\" alt=\"\" width=\"244\" height=\"325\" srcset=\"https:\/\/www.promendoza.com\/wp-content\/uploads\/2017\/11\/WhatsApp-Image-2017-11-02-at-12.48.07-225x300.jpeg 225w, https:\/\/www.promendoza.com\/wp-content\/uploads\/2017\/11\/WhatsApp-Image-2017-11-02-at-12.48.07.jpeg 768w, https:\/\/www.promendoza.com\/wp-content\/uploads\/2017\/11\/WhatsApp-Image-2017-11-02-at-12.48.07-580x773.jpeg 580w\" sizes=\"(max-width: 244px) 100vw, 244px\" \/><\/p>\n<p>El gerente de ProMendoza, Fernando Urdaniz, confirm\u00f3 hoy la firma de un contrato entre la empresa mendocina Control Point y la portuguesa con sede en Colombia Grupo DG, como resultado de las gestiones y la misi\u00f3n realizada en mayo de este a\u00f1o a Medell\u00edn y organizada por la fundaci\u00f3n.<\/p>\n<p>Urdaniz mostr\u00f3 mucha satisfacci\u00f3n por el acurdo y coment\u00f3: \u201cEl trabajo de ProMendoza sigue trayendo negocios para las empresas mendocinas. A un a\u00f1o de comenzar a planear la misi\u00f3n comercial a Colombia, estamos firmando ya un contrato para traer tecnolog\u00eda de punta a la provincia para diversos desarrollos\u201d.<\/p>\n<p>\u201cA lo largo de todos estos a\u00f1os, he podido ver personalmente c\u00f3mo se generan negocios a partir de la tarea detallada que hacen nuestros t\u00e9cnicos\u201d, se\u00f1al\u00f3 el actual gerente de la fundaci\u00f3n, quien cumpli\u00f3 21 a\u00f1os trabajando en ProMendoza.<\/p>\n<p><strong>El acuerdo<\/strong><\/p>\n<p>Control Point ser\u00e1 el representante en la Regi\u00f3n del Grupo DG, quien realiz\u00f3 un equipo aut\u00f3nomo que se basa en generaci\u00f3n el\u00e9ctrica a trav\u00e9s de vientos con turbinas e\u00f3licas y de paneles solares distribuidos en el mismo equipo. \u201cEsto permite generar energ\u00eda con sol, viento o ambas. Poseen paneles LED y es un sistema inteligente, que cuando la persona se aproxima, aumenta la luminosidad del \u00e1rea. A su vez, tiene capacidad de comunicaci\u00f3n wifi, para hacer una red de internet abierta y sistema de c\u00e1maras para mayor seguridad con videovigilancia\u201d, explic\u00f3 F\u00e9lix Aldeco, titular de Control Point.<\/p>\n<p>La misi\u00f3n comercial a Colombia<\/p>\n<p>En mayo de 2017, t\u00e9cnicos de ProMendoza y empresarios locales realizaron una misi\u00f3n comercial a Colombia y participaron en la Feria de Energ\u00edas Renovables m\u00e1s importante de Am\u00e9rica Latina.<\/p>\n<p>La feria promueve la energ\u00eda solar fotovoltaica como un nuevo eje dinamizador de la econom\u00eda que contribuya con un triple balance: econ\u00f3mico, social y ambiental, para el desarrollo sostenible del pa\u00eds, de manera que los sectores industrial y comercial y los hogares de hoy tengan una visi\u00f3n de futuro.<\/p>\n<p>El viaje permiti\u00f3 a los representantes de las firmas mendocinas sumar conocimiento y experiencia sobre desarrolladores t\u00e9cnicos, costos, novedades y dise\u00f1o.<\/p>\n","protected":false},"excerpt":{"rendered":"<p>Como resultado de una misi\u00f3n comercial que se realiz\u00f3 a mediados de este a\u00f1o a Medell\u00edn, la firma mendocina Control Point se convertir\u00e1 en la representante regional del grupo portugu\u00e9s&#8230;<\/p>\n","protected":false},"author":1,"featured_media":8531,"comment_status":"closed","ping_status":"open","sticky":false,"template":"","format":"image","meta":[],"categories":[45],"tags":[],"_links":{"self":[{"href":"https:\/\/www.promendoza.com\/es\/wp-json\/wp\/v2\/posts\/4672"}],"collection":[{"href":"https:\/\/www.promendoza.com\/es\/wp-json\/wp\/v2\/posts"}],"about":[{"href":"https:\/\/www.promendoza.com\/es\/wp-json\/wp\/v2\/types\/post"}],"author":[{"embeddable":true,"href":"https:\/\/www.promendoza.com\/es\/wp-json\/wp\/v2\/users\/1"}],"replies":[{"embeddable":true,"href":"https:\/\/www.promendoza.com\/es\/wp-json\/wp\/v2\/comments?post=4672"}],"version-history":[{"count":0,"href":"https:\/\/www.promendoza.com\/es\/wp-json\/wp\/v2\/posts\/4672\/revisions"}],"wp:featuredmedia":[{"embeddable":true,"href":"https:\/\/www.promendoza.com\/es\/wp-json\/wp\/v2\/media\/8531"}],"wp:attachment":[{"href":"https:\/\/www.promendoza.com\/es\/wp-json\/wp\/v2\/media?parent=4672"}],"wp:term":[{"taxonomy":"category","embeddable":true,"href":"https:\/\/www.promendoza.com\/es\/wp-json\/wp\/v2\/categories?post=4672"},{"taxonomy":"post_tag","embeddable":true,"href":"https:\/\/www.promendoza.com\/es\/wp-json\/wp\/v2\/tags?post=4672"}],"curies":[{"name":"wp","href":"https:\/\/api.w.org\/{rel}","templated":true}]}}