{"id":4727,"date":"2017-11-17T17:15:15","date_gmt":"2017-11-17T20:15:15","guid":{"rendered":"http:\/\/www.promendoza.com\/?p=4727"},"modified":"2017-11-17T17:15:15","modified_gmt":"2017-11-17T20:15:15","slug":"empresas-audiovisuales-de-mendoza-participaron-en-el-mip-cancun","status":"publish","type":"post","link":"https:\/\/www.promendoza.com\/es\/empresas-audiovisuales-de-mendoza-participaron-en-el-mip-cancun\/","title":{"rendered":"Empresas Audiovisuales de Mendoza Participaron en el MIP Canc\u00fan"},"content":{"rendered":"<style type=\"text\/css\"><\/style><h5>Del 15 al 17 de noviembre, ProMendoza junto al Cl\u00faster Audiovisual Film Andes, organiz\u00f3 una misi\u00f3n comercial para participar en la feria MIP Canc\u00fan.<\/h5>\n<p>Se sumaron a la iniciativa las siguientes empresas:<br \/>\nAlcalde Creative Studio<br \/>\nVlexus<br \/>\nPuerta Amarilla Cine<br \/>\nC\u00ednicos<br \/>\nChales Estudio Creativo<\/p>\n<p>Durante la participaci\u00f3n, cada empresa tuvo m\u00e1s de \u00a013 reuniones por d\u00eda con representantes de importantes empresas como Discovery Channel, \u00a0NewFlix, New Light, Cartoon Network. Es importante destacar que entre las contrapartes de las reuniones hubo muchos distribuidores, que pueden mostrar las producciones de Mendoza al mundo. Entre ellos se contaron Tondero distribuciones, que maneja el mercado del cine en Per\u00fa.<br \/>\nEn una ocasi\u00f3n sin precedentes para nuestra provincia, Discovery Channel recibi\u00f3 a las empresas mendocinas en una reuni\u00f3n tipo conferencia liderada por su jefa de adquisici\u00f3n de Contenidos para Latinoam\u00e9rica.<\/p>\n<p><img loading=\"lazy\" class=\"alignnone size-full wp-image-4729\" src=\"http:\/\/www.promendoza.com\/wp-content\/uploads\/2017\/11\/WhatsApp-Image-2017-11-16-at-12.22.53-2.jpeg\" alt=\"\" width=\"1024\" height=\"768\" \/><\/p>\n<p><strong>MIP Canc\u00fan<\/strong><br \/>\nEs el \u00fanico evento en el mundo dedicado a impulsar el mercado latinoamericano de televisi\u00f3n y a contactar compa\u00f1\u00edas internacionales con los principales productores de la regi\u00f3n. Su sigla proviene del franc\u00e9s \u201cMarch\u00e9 International des Programmes\u201d ya que sus organizadores son responsables del importante evento anual en Cannes que se llama MIPCOM. Su formato es muy efectivo ya que consiste en reuniones 1 a 1 pre-agendadas, proyecciones exclusivas y conferencias de alto nivel.<br \/>\nActualmente es \u00a0la mejor plataforma de la regi\u00f3n para el contacto entre empresas para la distribuci\u00f3n de programas, desarrollo de contenido y coproducciones.<\/p>\n<p><img loading=\"lazy\" class=\"alignnone size-full wp-image-4730\" src=\"http:\/\/www.promendoza.com\/wp-content\/uploads\/2017\/11\/WhatsApp-Image-2017-11-15-at-12.54.59-2.jpeg\" alt=\"\" width=\"1280\" height=\"960\" \/><\/p>\n","protected":false},"excerpt":{"rendered":"<p>Del 15 al 17 de noviembre, ProMendoza junto al Cl\u00faster Audiovisual Film Andes, organiz\u00f3 una misi\u00f3n comercial para participar en la feria MIP Canc\u00fan. Se sumaron a la iniciativa las&#8230;<\/p>\n","protected":false},"author":1,"featured_media":8545,"comment_status":"closed","ping_status":"open","sticky":false,"template":"","format":"image","meta":[],"categories":[3],"tags":[],"_links":{"self":[{"href":"https:\/\/www.promendoza.com\/es\/wp-json\/wp\/v2\/posts\/4727"}],"collection":[{"href":"https:\/\/www.promendoza.com\/es\/wp-json\/wp\/v2\/posts"}],"about":[{"href":"https:\/\/www.promendoza.com\/es\/wp-json\/wp\/v2\/types\/post"}],"author":[{"embeddable":true,"href":"https:\/\/www.promendoza.com\/es\/wp-json\/wp\/v2\/users\/1"}],"replies":[{"embeddable":true,"href":"https:\/\/www.promendoza.com\/es\/wp-json\/wp\/v2\/comments?post=4727"}],"version-history":[{"count":0,"href":"https:\/\/www.promendoza.com\/es\/wp-json\/wp\/v2\/posts\/4727\/revisions"}],"wp:featuredmedia":[{"embeddable":true,"href":"https:\/\/www.promendoza.com\/es\/wp-json\/wp\/v2\/media\/8545"}],"wp:attachment":[{"href":"https:\/\/www.promendoza.com\/es\/wp-json\/wp\/v2\/media?parent=4727"}],"wp:term":[{"taxonomy":"category","embeddable":true,"href":"https:\/\/www.promendoza.com\/es\/wp-json\/wp\/v2\/categories?post=4727"},{"taxonomy":"post_tag","embeddable":true,"href":"https:\/\/www.promendoza.com\/es\/wp-json\/wp\/v2\/tags?post=4727"}],"curies":[{"name":"wp","href":"https:\/\/api.w.org\/{rel}","templated":true}]}}