{"id":4732,"date":"2017-11-20T09:07:03","date_gmt":"2017-11-20T12:07:03","guid":{"rendered":"http:\/\/www.promendoza.com\/?p=4732"},"modified":"2017-11-20T09:07:03","modified_gmt":"2017-11-20T12:07:03","slug":"mendoza-busca-negocios-en-honduras","status":"publish","type":"post","link":"https:\/\/www.promendoza.com\/es\/mendoza-busca-negocios-en-honduras\/","title":{"rendered":"Mendoza busca negocios en Honduras"},"content":{"rendered":"<style type=\"text\/css\"><\/style><p>Empresas mendocinas llegaron este domingo a Honduras y durante la jornada del lunes participaron de una Ronda de Negocios con m\u00e1s de 20 empresas hondure\u00f1as. Empresas mendocinas llegaron este domingo a Honduras y durante la jornada del lunes participaron de una Ronda de Negocios con m\u00e1s de 20 empresas hondure\u00f1as.<\/p>\n<p>El gerente de ProMendoza, Fernando Urdaniz, mostr\u00f3 gran satisfacci\u00f3n al expresar que \u201ces la primera Misi\u00f3n Comercial que se desarrolla en ese pa\u00eds, ahora que la log\u00edstica mejora con la llegada de un vuelo directo a Panam\u00e1\u201d.<\/p>\n<p><img loading=\"lazy\" class=\"alignright wp-image-4734 \" src=\"http:\/\/www.promendoza.com\/wp-content\/uploads\/2017\/11\/WhatsApp-Image-2017-11-20-at-4.41.53-PM-300x225.jpeg\" alt=\"\" width=\"327\" height=\"245\" srcset=\"https:\/\/www.promendoza.com\/wp-content\/uploads\/2017\/11\/WhatsApp-Image-2017-11-20-at-4.41.53-PM-300x225.jpeg 300w, https:\/\/www.promendoza.com\/wp-content\/uploads\/2017\/11\/WhatsApp-Image-2017-11-20-at-4.41.53-PM-768x576.jpeg 768w, https:\/\/www.promendoza.com\/wp-content\/uploads\/2017\/11\/WhatsApp-Image-2017-11-20-at-4.41.53-PM-1024x768.jpeg 1024w, https:\/\/www.promendoza.com\/wp-content\/uploads\/2017\/11\/WhatsApp-Image-2017-11-20-at-4.41.53-PM-580x435.jpeg 580w, https:\/\/www.promendoza.com\/wp-content\/uploads\/2017\/11\/WhatsApp-Image-2017-11-20-at-4.41.53-PM-820x615.jpeg 820w, https:\/\/www.promendoza.com\/wp-content\/uploads\/2017\/11\/WhatsApp-Image-2017-11-20-at-4.41.53-PM-1160x870.jpeg 1160w, https:\/\/www.promendoza.com\/wp-content\/uploads\/2017\/11\/WhatsApp-Image-2017-11-20-at-4.41.53-PM.jpeg 1280w\" sizes=\"(max-width: 327px) 100vw, 327px\" \/>\u201cActualmente exportamos a Honduras un poco m\u00e1s de 500 mil d\u00f3lares al a\u00f1o, pero la econom\u00eda de Honduras crece, y la sociedad hondure\u00f1a se muestra muy interesada en nuestros vinos, frutos secos y productos gourmet\u201d, aclar\u00f3 Urdaniz.<br \/>\nDurante la apertura de la Ronda, estuvo el Embajador Argentino en Honduras, Juan Jos\u00e9 Castelli, qui\u00e9n se mostr\u00f3 muy interesado en el crecimiento del comercio bilateral, y la Vicecanciller de Honduras, Mar\u00eda del Carmen Nasser, quien destac\u00f3 que los productos mendocinos son de calidad y un atractivo sabor para el paladar de sus compatriotas.<br \/>\nAdem\u00e1s, la Embajadora de Honduras en Argentina, Ivonne Bonilla y el Vicepresidente del Consejo Hondure\u00f1o de Empresas Privadas, Juan Carlos Sikafi, celebraron la llegada de los empresarios mendocinos y anunciaron una Misi\u00f3n Comercial a Mendoza el a\u00f1o pr\u00f3ximo.<br \/>\n<strong>Contextualizaci\u00f3n del Mercado<\/strong><br \/>\nActualmente Mendoza exporta algunos productos pero en pocas cantidades, sin embargo los pa\u00edses centroamericanos son un mercado potencial interesante, con posibilidades log\u00edsticas de productos mar\u00edtimas y a\u00e9reas.<br \/>\nPasas de Uva, aceitunas, pasta y pur\u00e9 de frutas, jugos y mostos, conservas, legumbres y vinos, poseen un mercado incipiente en Panam\u00e1 y Honduras, con vistas a un crecimiento mayor a partir de esta conexi\u00f3n directa.<br \/>\nAdem\u00e1s, el Cluster de Franquicias Mendocinas, realizar\u00e1 su primera exploraci\u00f3n para llevar sus marcas de corte de pelo, chocolates, accesorios de moda, carteles lum\u00ednicos, comida r\u00e1pida y escuela de peluquer\u00eda.<\/p>\n<p><img loading=\"lazy\" class=\"alignnone size-full wp-image-4735\" src=\"http:\/\/www.promendoza.com\/wp-content\/uploads\/2017\/11\/WhatsApp-Image-2017-11-20-at-4.44.28-PM-2.jpeg\" alt=\"\" width=\"1280\" height=\"960\" \/><\/p>\n","protected":false},"excerpt":{"rendered":"<p>Empresas mendocinas llegaron este domingo a Honduras y durante la jornada del lunes participaron de una Ronda de Negocios con m\u00e1s de 20 empresas hondure\u00f1as. Empresas mendocinas llegaron este domingo&#8230;<\/p>\n","protected":false},"author":1,"featured_media":8548,"comment_status":"closed","ping_status":"open","sticky":false,"template":"","format":"image","meta":[],"categories":[52],"tags":[],"_links":{"self":[{"href":"https:\/\/www.promendoza.com\/es\/wp-json\/wp\/v2\/posts\/4732"}],"collection":[{"href":"https:\/\/www.promendoza.com\/es\/wp-json\/wp\/v2\/posts"}],"about":[{"href":"https:\/\/www.promendoza.com\/es\/wp-json\/wp\/v2\/types\/post"}],"author":[{"embeddable":true,"href":"https:\/\/www.promendoza.com\/es\/wp-json\/wp\/v2\/users\/1"}],"replies":[{"embeddable":true,"href":"https:\/\/www.promendoza.com\/es\/wp-json\/wp\/v2\/comments?post=4732"}],"version-history":[{"count":0,"href":"https:\/\/www.promendoza.com\/es\/wp-json\/wp\/v2\/posts\/4732\/revisions"}],"wp:featuredmedia":[{"embeddable":true,"href":"https:\/\/www.promendoza.com\/es\/wp-json\/wp\/v2\/media\/8548"}],"wp:attachment":[{"href":"https:\/\/www.promendoza.com\/es\/wp-json\/wp\/v2\/media?parent=4732"}],"wp:term":[{"taxonomy":"category","embeddable":true,"href":"https:\/\/www.promendoza.com\/es\/wp-json\/wp\/v2\/categories?post=4732"},{"taxonomy":"post_tag","embeddable":true,"href":"https:\/\/www.promendoza.com\/es\/wp-json\/wp\/v2\/tags?post=4732"}],"curies":[{"name":"wp","href":"https:\/\/api.w.org\/{rel}","templated":true}]}}