{"id":4765,"date":"2017-12-01T11:35:14","date_gmt":"2017-12-01T14:35:14","guid":{"rendered":"http:\/\/www.promendoza.com\/?p=4765"},"modified":"2017-12-01T11:35:14","modified_gmt":"2017-12-01T14:35:14","slug":"foro-de-mujeres-empresarias-y-emprendedoras-de-mendoza-en-la-legislatura","status":"publish","type":"post","link":"https:\/\/www.promendoza.com\/es\/foro-de-mujeres-empresarias-y-emprendedoras-de-mendoza-en-la-legislatura\/","title":{"rendered":"Foro de Mujeres Empresarias y Emprendedoras de Mendoza en la Legislatura"},"content":{"rendered":"<style type=\"text\/css\"><\/style><p>Organizado por el Area de Mujeres de la FEM, la Diputada Julia Ortega, la Unidad de Enlace de la Legislatura, Fundaci\u00f3n ProMendoza y el Foro de Mujeres del Mercosur, hoy se realizar\u00e1 el \u00abForo de Mujeres Empresarias y Emprendedoras de Mendoza\u00bb. Ser\u00e1 a las 17,30 en el Sal\u00f3n de los Pasos Perdidos de la Legislatura de Mendoza.<\/p>\n<p>Representantes del Mercosur exponen sobre la situaci\u00f3n actual de las mujeres empresarias y emprendedoras de sus pa\u00edses.<\/p>\n<p>Se trata de un Foro abierto a toda la sociedad mendocina, para que conozca cu\u00e1l es la situaci\u00f3n actual de mujeres que buscan emprender y llevar adelante sus negocios en pa\u00edses del Mercosur; de cu\u00e1l es el marco legal, programas de financiamiento y apoyo y acceso a la formaci\u00f3n para mujeres en cada pa\u00eds.<\/p>\n<p>Participar\u00e1n del Foro el Parlamentario del Mercosur por Mendoza, Gabriel Fidel y el Area de G\u00e9nero de la Legislatura de la provincia.<\/p>\n<p>Las exposiciones estar\u00e1n a cargo de C\u00f3nsules y representantes consulares de Estados Partes y Estados asociados del Mercosur con representaci\u00f3n en Mendoza.<\/p>\n<p>El evento fue declarado de inter\u00e9s por la C\u00e1mara de Diputados de Mendoza.<\/p>\n","protected":false},"excerpt":{"rendered":"<p>Organizado por el Area de Mujeres de la FEM, la Diputada Julia Ortega, la Unidad de Enlace de la Legislatura, Fundaci\u00f3n ProMendoza y el Foro de Mujeres del Mercosur, hoy&#8230;<\/p>\n","protected":false},"author":1,"featured_media":8562,"comment_status":"closed","ping_status":"open","sticky":false,"template":"","format":"image","meta":[],"categories":[52],"tags":[],"_links":{"self":[{"href":"https:\/\/www.promendoza.com\/es\/wp-json\/wp\/v2\/posts\/4765"}],"collection":[{"href":"https:\/\/www.promendoza.com\/es\/wp-json\/wp\/v2\/posts"}],"about":[{"href":"https:\/\/www.promendoza.com\/es\/wp-json\/wp\/v2\/types\/post"}],"author":[{"embeddable":true,"href":"https:\/\/www.promendoza.com\/es\/wp-json\/wp\/v2\/users\/1"}],"replies":[{"embeddable":true,"href":"https:\/\/www.promendoza.com\/es\/wp-json\/wp\/v2\/comments?post=4765"}],"version-history":[{"count":0,"href":"https:\/\/www.promendoza.com\/es\/wp-json\/wp\/v2\/posts\/4765\/revisions"}],"wp:featuredmedia":[{"embeddable":true,"href":"https:\/\/www.promendoza.com\/es\/wp-json\/wp\/v2\/media\/8562"}],"wp:attachment":[{"href":"https:\/\/www.promendoza.com\/es\/wp-json\/wp\/v2\/media?parent=4765"}],"wp:term":[{"taxonomy":"category","embeddable":true,"href":"https:\/\/www.promendoza.com\/es\/wp-json\/wp\/v2\/categories?post=4765"},{"taxonomy":"post_tag","embeddable":true,"href":"https:\/\/www.promendoza.com\/es\/wp-json\/wp\/v2\/tags?post=4765"}],"curies":[{"name":"wp","href":"https:\/\/api.w.org\/{rel}","templated":true}]}}