{"id":4951,"date":"2018-02-03T13:21:32","date_gmt":"2018-02-03T16:21:32","guid":{"rendered":"http:\/\/www.promendoza.com\/?p=4951"},"modified":"2018-02-03T13:21:32","modified_gmt":"2018-02-03T16:21:32","slug":"mision-exploratoria-de-promendoza-en-7-paises","status":"publish","type":"post","link":"https:\/\/www.promendoza.com\/es\/mision-exploratoria-de-promendoza-en-7-paises\/","title":{"rendered":"Misi\u00f3n exploratoria de ProMendoza en 7 pa\u00edses"},"content":{"rendered":"<style type=\"text\/css\"><\/style><h4>Arranca hoy e incluye una intensa agenda con escalas en las principales ferias del mundo y fuertes posibilidades de abrir nuevos mercados para los productos mendocinos.<\/h4>\n<p>ProMendoza arranca su calendario 2018 con una mega misi\u00f3n exploratoria que se desarrollar\u00e1 a partir de hoy y abarcar\u00e1 7 pa\u00edses: Rusia, Alemania, Pa\u00edses Bajos, Francia, Italia, Dubai e Inglaterra.<\/p>\n<p>El 5 y 6 de febrero ser\u00e1 la primera escala en la Prodexpo de Mosc\u00fa, la mayor feria anual especializada en Rusia y Europa del Este. Se trata de una feria destacada en el fomento de la industria de alimentos de ese pa\u00eds. All\u00ed se promocionar\u00e1n productos alimenticios de Mendoza, con la intenci\u00f3n de ser abastecedores directos del gran mercado interno ruso.<\/p>\n<p>El 7 y 8 de febrero ser\u00e1 el turno de la Fruit Logisitca que se desarrolla en Berl\u00edn, Alemania. Est\u00e1n programadas reuniones con cinco empresas interesadas en ajo, ciruela y miel. Este a\u00f1o desde la organizaci\u00f3n de la feria se plantea debatir sobre \u00ab\u00bfCu\u00e1l es el futuro del comercio frutihort\u00edcola?\u00bb. En ese contexto se presentar\u00e1n respuestas y se discutir\u00e1n las soluciones innovadoras y tendencias actuales.<\/p>\n<p>La delegaci\u00f3n mendocina tambi\u00e9n participar\u00e1 en las discusiones, interlocutores de alto rango del \u00e1rea de la producci\u00f3n, transporte, log\u00edstica as\u00ed como comercio y peque\u00f1as empresas, donde tratar\u00e1n las tendencias y soluciones en el comercio global de frutas y hortalizas.<\/p>\n<p>Tanto en Amsterdam como en Frankfurt, se concretar\u00e1 una importante agenda con importadores de vinos y bebidas para promocionar empresas de Mendoza con posibilidades de realizar negocios en los Pa\u00edses Bajos y sus alrededores.<br \/>\nCompartilo<br \/>\nTwittealo<br \/>\nUna agenda intensa<br \/>\nContinuando con la agenda, los representantes de ProMendoza, estar\u00e1n en Francia e Italia, donde mantendr\u00e1n reuniones para reafirmar contactos comerciales generados el a\u00f1o pasado durante la Misi\u00f3n Comercial desarrollada en el marco de la Feria Anuga.<\/p>\n<p>Del 18 al 22 de febrero, participar\u00e1n de la 23\u00aa edici\u00f3n de Gulfood 2018 en Dubai, que es la feria anual de alimentos, bebidas y hospitalidad m\u00e1s grande del mundo, que atrae a los profesionales de dichos sectores de todo el mundo a Dubai, y promueve negocios entre m\u00e1s de 120 pa\u00edses anualmente.<\/p>\n<p>Los Emiratos \u00c1rabes Unidos importan m\u00e1s del 80% de su producto alimenticio, de los cuales alrededor del 50% se reexportan a pa\u00edses del Consejo de Cooperaci\u00f3n del Golfo, el subcontinente indio y \u00c1frica oriental.<br \/>\nCompartiloTwittealo<br \/>\nLa clave de Gulfood es que atrae compradores, no s\u00f3lo de la regi\u00f3n del Golfo sino tambi\u00e9n de toda la regi\u00f3n de Medio Oriente y el Norte de \u00c1frica (MENA).<\/p>\n<p>Del 26 y 27 de febrero estar\u00e1n en Londres para participar por primera vez de la feria International Bulk Wine and Spirits Show (IBWSS). Con el fin de contactar importadores interesados en nuestros vinos a granel y para analizar nuestra participaci\u00f3n en futuras ediciones.<\/p>\n<p>IBWSS es una muestra y conferencia anual, destinada espec\u00edficamente a bodegas, importadores, supermercados, distribuidores, restaurantes, y otros compradores una oportunidad \u00fanica para conseguir bebidas al por mayor y contactar proveedores de etiquetas privadas.<\/p>\n","protected":false},"excerpt":{"rendered":"<p>Arranca hoy e incluye una intensa agenda con escalas en las principales ferias del mundo y fuertes posibilidades de abrir nuevos mercados para los productos mendocinos. ProMendoza arranca su calendario&#8230;<\/p>\n","protected":false},"author":1,"featured_media":8572,"comment_status":"closed","ping_status":"open","sticky":false,"template":"","format":"image","meta":[],"categories":[3],"tags":[],"_links":{"self":[{"href":"https:\/\/www.promendoza.com\/es\/wp-json\/wp\/v2\/posts\/4951"}],"collection":[{"href":"https:\/\/www.promendoza.com\/es\/wp-json\/wp\/v2\/posts"}],"about":[{"href":"https:\/\/www.promendoza.com\/es\/wp-json\/wp\/v2\/types\/post"}],"author":[{"embeddable":true,"href":"https:\/\/www.promendoza.com\/es\/wp-json\/wp\/v2\/users\/1"}],"replies":[{"embeddable":true,"href":"https:\/\/www.promendoza.com\/es\/wp-json\/wp\/v2\/comments?post=4951"}],"version-history":[{"count":0,"href":"https:\/\/www.promendoza.com\/es\/wp-json\/wp\/v2\/posts\/4951\/revisions"}],"wp:featuredmedia":[{"embeddable":true,"href":"https:\/\/www.promendoza.com\/es\/wp-json\/wp\/v2\/media\/8572"}],"wp:attachment":[{"href":"https:\/\/www.promendoza.com\/es\/wp-json\/wp\/v2\/media?parent=4951"}],"wp:term":[{"taxonomy":"category","embeddable":true,"href":"https:\/\/www.promendoza.com\/es\/wp-json\/wp\/v2\/categories?post=4951"},{"taxonomy":"post_tag","embeddable":true,"href":"https:\/\/www.promendoza.com\/es\/wp-json\/wp\/v2\/tags?post=4951"}],"curies":[{"name":"wp","href":"https:\/\/api.w.org\/{rel}","templated":true}]}}