{"id":5227,"date":"2018-06-07T15:30:22","date_gmt":"2018-06-07T18:30:22","guid":{"rendered":"http:\/\/www.promendoza.com\/?p=5227"},"modified":"2018-06-07T15:30:22","modified_gmt":"2018-06-07T18:30:22","slug":"aaici-y-fundacion-promendoza-organizan-modulo-de-capacitacion-audiovisual","status":"publish","type":"post","link":"https:\/\/www.promendoza.com\/es\/aaici-y-fundacion-promendoza-organizan-modulo-de-capacitacion-audiovisual\/","title":{"rendered":"AAICI y Fundaci\u00f3n ProMendoza organizan m\u00f3dulo de capacitaci\u00f3n audiovisual"},"content":{"rendered":"<style type=\"text\/css\"><\/style><h3>La Agencia Argentina de Inversiones y Comercio Internacional (AAICI) y la Fundaci\u00f3n ProMendoza organizan dos d\u00edas de capacitaci\u00f3n con foco en el audiovisual de esta provincia, donde se sancion\u00f3 una Ley Audiovisual que declara a este sector como industria y lo dota de herramientas de financiamiento y promoci\u00f3n.<\/h3>\n<p>Juan Marcos Melo, del sector audiovisual de la AAICI, dio la bienvenida a los m\u00e1s de 50 participantes ubicados en el microcine de la Nave Cultural de la Ciudad de Mendoza. \u2018El objetivo central es incrementar el n\u00famero de Pymes con capacidad de exportaci\u00f3n de la industria creativa y bienes culturales, y hemos comenzado por las provincias donde se le est\u00e1 dando m\u00e1s relevancia a estas industrias\u2019, subray\u00f3.<\/p>\n<p>\u2018Acercar a profesionales y herramientas a distintos lugares del pa\u00eds es una manera de impulsar una nueva visi\u00f3n exportadora, que es donde comienzan nuestros objetivos. Buscamos dar a conocer los nuevos mercados, dar apoyo y respuesta a temas como adecuaci\u00f3n de producto, capacidad de producci\u00f3n, negocios e informaci\u00f3n de mercado que son las instancias del ciclo exportador\u2019, coment\u00f3.<\/p>\n<p>Seleccionamos unas 700 empresas de las cuales 30 son audiovisuales. \u2018Las estamos parametrizando en \u201cno exportadoras\u201d, \u201cexportadoras circunstanciales\u201d y \u201cexportadores sustentables\u201d. Tenemos herramientas para cada una de ellas. Luego de visitar la empresa, hacemos un diagn\u00f3stico. Proponemos un plan de acci\u00f3n, analizamos el impacto\u2019, a\u00f1adi\u00f3.<\/p>\n<p>Con estas capacitaciones federales, de las que habr\u00e1 m\u00e1s el pr\u00f3ximo mes en C\u00f3rdoba junto a la Agencia ProC\u00f3rdoba, AAICI busca generar \u2018nuevos exportadores, diversificar destinos, productos, aumentar las exportaciones y la internacionalizaci\u00f3n (oficinas en el exterior) de las empresas\u2019.<\/p>\n<p>A nivel local se muestra muy activo el cl\u00faster audiovisual Film Andes, presidido por Marcelo Ortega. \u2018Tenemos unas 30 compa\u00f1\u00edas, entre canales, productoras, sector acad\u00e9mico, dise\u00f1o y videojuegos. Sostenemos reuniones semanales y tras una buena experiencia con un cr\u00e9dito BID en 2017, este a\u00f1o estamos apostando a otras l\u00edneas de fomentos internacionales como el Fondo Multilateral de Inversiones (FOMIN), del Grupo BID, para el que dise\u00f1amos un plan a 3 a\u00f1os\u2019, se\u00f1al\u00f3.<\/p>\n<p>Desde marzo le han otorgado al cl\u00faster esta herramienta de financiamiento para trabajar en tres verticales: Capacitaci\u00f3n, Informaci\u00f3n Estrat\u00e9gica e Internacionalizaci\u00f3n. \u2018Es el primer FOMIN a las industrias creativas de Argentina. Estamos trabajando con Paraguay en esa l\u00ednea. Trabajamos en m\u00e1s alianzas, contenido local con mirada global\u2019, dijo. Seg\u00fan Ortega es importante \u2018aprovechar la periferia\u2019 y transformarse desde aqu\u00ed en un polo atractivo. \u2018Equidistante y complementario a Buenos Aires\u2019, describi\u00f3. En la provincia se trabaja en un Observatorio de la Industria Audiovisual. \u2018Queremos un sector audiovisual potente, competitivo. Nuestra audiencia es el mundo\u2019.<\/p>\n<p>Seg\u00fan su video institucional, se han generado en Mendoza m\u00e1s de 300 producciones, lo que signific\u00f3 unos 500 puestos de trabajo e impacto en m\u00e1s \u00e1reas de la econom\u00eda local. \u2018Tenemos planificada la creaci\u00f3n de un Polo Audiovisual en Godoy Cruz, donde antes hab\u00eda una vieja bodega. Queremos que sea un centro de formaci\u00f3n y capacitaci\u00f3n, que incluya estudios y un museo audiovisual. Queremos crear un fidedomiso p\u00fablico-privado para construirlo, y buscamos desarrolladores\u2019, adelant\u00f3.<\/p>\n<p>Film Andes nuclea a un Grupo de productores con un mismo objetivo: internacionalizar sus productos. \u2018El espacio de la queja debe pasar a ser de proactividad. La b\u00fasqueda de financiamiento debe ir m\u00e1s all\u00e1 del INCAA. Ir a otras fuentes m\u00e1s all\u00e1 de las p\u00fablicas se volvi\u00f3 una necesidad. Estamos muy contentos del apoyo de ProMendoza\u2019. Con Film Andes se gener\u00f3 un espacio institucional \u2018que valid\u00f3 y reforz\u00f3 con pol\u00edticas p\u00fablicas y un marco legal el sustento de esta actividad\u2019, complet\u00f3 Ortega.<\/p>\n<p>La Ley de R\u00e9gimen de Promoci\u00f3n y Sustento de Industria Audiovisual Nro 9058 ha sido el gran tema de estas jornadas. Fue sancionada en 2017 por una propuesta de la diputada provincial Mabel Guerra, y espera su reglamentaci\u00f3n, en la que est\u00e1 trabajando muy activamente Mario L\u00e1zzaro, director ejecutivo de ProMendoza, perteneciente al Ministerio de Econom\u00eda, y quien finalmente ser\u00e1 el \u00f3rgano ejecutor (ver m\u00e1s en nota aparte).<\/p>\n<p>Las charlas de la ma\u00f1ana se completaron con una presentaci\u00f3n de Cine.AR y de los nuevos planes de fomento del INCAA y una de Francisco J de Zaval\u00eda, del Estudio Suaya, Memeldorff y Asociados sobre aspectos jur\u00eddicos donde se destac\u00f3 la Ley de Propiedad Intelectual (Copyright).<\/p>\n<p>El abogado recomend\u00f3 a los productores estar \u2018atentos\u2019 y \u2018encima\u2019 de los temas jur\u00eddicos que son centrales en un negocio esencialmente de derechos. \u2018Es preferible que repartan dinero y no derechos. Todo se resuelve por contratos. Las obras audiovisuales son todas iguales, pero cada proyecto es un mundo\u2019, explic\u00f3. \u2018Los contratos audiovisuales no est\u00e1n en ninguna ley, por eso es importante ser creativo y, sobre todo exhaustivos en la descripci\u00f3n. \u2018La historia es m\u00e1s importante que el dinero. Este es el asset m\u00e1s poderoso de la industria del entretenimiento\u2019, complet\u00f3 de Zaval\u00eda.<\/p>\n","protected":false},"excerpt":{"rendered":"<p>La Agencia Argentina de Inversiones y Comercio Internacional (AAICI) y la Fundaci\u00f3n ProMendoza organizan dos d\u00edas de capacitaci\u00f3n con foco en el audiovisual de esta provincia, donde se sancion\u00f3 una&#8230;<\/p>\n","protected":false},"author":1,"featured_media":8648,"comment_status":"closed","ping_status":"open","sticky":false,"template":"","format":"image","meta":[],"categories":[53],"tags":[],"_links":{"self":[{"href":"https:\/\/www.promendoza.com\/es\/wp-json\/wp\/v2\/posts\/5227"}],"collection":[{"href":"https:\/\/www.promendoza.com\/es\/wp-json\/wp\/v2\/posts"}],"about":[{"href":"https:\/\/www.promendoza.com\/es\/wp-json\/wp\/v2\/types\/post"}],"author":[{"embeddable":true,"href":"https:\/\/www.promendoza.com\/es\/wp-json\/wp\/v2\/users\/1"}],"replies":[{"embeddable":true,"href":"https:\/\/www.promendoza.com\/es\/wp-json\/wp\/v2\/comments?post=5227"}],"version-history":[{"count":0,"href":"https:\/\/www.promendoza.com\/es\/wp-json\/wp\/v2\/posts\/5227\/revisions"}],"wp:featuredmedia":[{"embeddable":true,"href":"https:\/\/www.promendoza.com\/es\/wp-json\/wp\/v2\/media\/8648"}],"wp:attachment":[{"href":"https:\/\/www.promendoza.com\/es\/wp-json\/wp\/v2\/media?parent=5227"}],"wp:term":[{"taxonomy":"category","embeddable":true,"href":"https:\/\/www.promendoza.com\/es\/wp-json\/wp\/v2\/categories?post=5227"},{"taxonomy":"post_tag","embeddable":true,"href":"https:\/\/www.promendoza.com\/es\/wp-json\/wp\/v2\/tags?post=5227"}],"curies":[{"name":"wp","href":"https:\/\/api.w.org\/{rel}","templated":true}]}}