{"id":5313,"date":"2018-07-13T13:08:28","date_gmt":"2018-07-13T16:08:28","guid":{"rendered":"http:\/\/www.promendoza.com\/?p=5313"},"modified":"2018-07-13T13:08:28","modified_gmt":"2018-07-13T16:08:28","slug":"promendoza-diversifica-la-oferta-exportable-en-colombia","status":"publish","type":"post","link":"https:\/\/www.promendoza.com\/es\/promendoza-diversifica-la-oferta-exportable-en-colombia\/","title":{"rendered":"ProMendoza diversifica la oferta exportable en Colombia"},"content":{"rendered":"<style type=\"text\/css\"><\/style><h5>Esta semana, el gerente de ProMendoza, Fernando Urdaniz, estuvo en Bogot\u00e1, Colombia, participando en varias actividades para profundizar las relaciones con ese mercado.<\/h5>\n<p>Del 9 al 13 de julio particip\u00f3 en la feria BAM (Bogota Audiovisual Market) con tres empresas del sector audiovisual, integrantes del cl\u00faster Film Andes. Las empresas Kraken, Palo Gol y R\u00edo Films promocionaron sus productos y participaron en una nutrida agenda de actividades. La feria BAM re\u00fane a los mejores exponentes de las industrias creativas latinoamericana. Las actividades incluyeron talleres sobre animaci\u00f3n, pitching y puesta en escena.<\/p>\n<p>En forma simult\u00e1nea, Urdaniz visit\u00f3 la FANYF, que es una feria internacional sobre franquicias, la cual tuvo lugar el 10 y 11 de julio en el recinto ferial de Corferias. Durante esta edici\u00f3n, la Feria tuvo m\u00e1s de 6.000 visitantes y alrededor de 100 expositores, pertenecientes a actividades econ\u00f3micas, como gastronom\u00eda, comercio detallista y servicios especializados. La FANYF es la vitrina de la industria de franquicias, la m\u00e1s destacada exposici\u00f3n en la regi\u00f3n andina. La modalidad \u201cfranquicias\u201d es una posibilidad para que las empresas mendocinas puedan expandir sus horizontes. Desde ProMendoza hace varios a\u00f1os que se apoya a empresas que han emprendido ese camino.<\/p>\n<p>El jueves 11 de julio, la delegaci\u00f3n mendocina fue recibida por Nicol\u00e1s Pascuchelli, de la Secci\u00f3n Econ\u00f3mica y Comercial de la Embajada de la Rep\u00fablica Argentina en Colombia. En la reuni\u00f3n trataron temas del sector audiovisual y tambi\u00e9n de promoci\u00f3n comercial en general. Seg\u00fan el especialista, Argentina ha disminuido su presencia en el mercado colombiano de vinos a ra\u00edz de un impuesto interno que ha fijado ese Gobierno a las bebidas alcoh\u00f3licas. El impuesto es de aproximadamente 25%. Las exportaciones de vino a Colombia son de aproximadamente 6 millones de d\u00f3lares, mientras que Chile exporta 20 millones de d\u00f3lares. Tambi\u00e9n ultimaron algunos detalles sobre la pr\u00f3xima misi\u00f3n comercial multisectorial organizada por las provincias de Santa Fe, C\u00f3rdoba, Entre R\u00edos y Mendoza para agosto.<\/p>\n","protected":false},"excerpt":{"rendered":"<p>Esta semana, el gerente de ProMendoza, Fernando Urdaniz, estuvo en Bogot\u00e1, Colombia, participando en varias actividades para profundizar las relaciones con ese mercado. Del 9 al 13 de julio particip\u00f3&#8230;<\/p>\n","protected":false},"author":1,"featured_media":8663,"comment_status":"closed","ping_status":"open","sticky":false,"template":"","format":"image","meta":[],"categories":[53],"tags":[],"_links":{"self":[{"href":"https:\/\/www.promendoza.com\/es\/wp-json\/wp\/v2\/posts\/5313"}],"collection":[{"href":"https:\/\/www.promendoza.com\/es\/wp-json\/wp\/v2\/posts"}],"about":[{"href":"https:\/\/www.promendoza.com\/es\/wp-json\/wp\/v2\/types\/post"}],"author":[{"embeddable":true,"href":"https:\/\/www.promendoza.com\/es\/wp-json\/wp\/v2\/users\/1"}],"replies":[{"embeddable":true,"href":"https:\/\/www.promendoza.com\/es\/wp-json\/wp\/v2\/comments?post=5313"}],"version-history":[{"count":0,"href":"https:\/\/www.promendoza.com\/es\/wp-json\/wp\/v2\/posts\/5313\/revisions"}],"wp:featuredmedia":[{"embeddable":true,"href":"https:\/\/www.promendoza.com\/es\/wp-json\/wp\/v2\/media\/8663"}],"wp:attachment":[{"href":"https:\/\/www.promendoza.com\/es\/wp-json\/wp\/v2\/media?parent=5313"}],"wp:term":[{"taxonomy":"category","embeddable":true,"href":"https:\/\/www.promendoza.com\/es\/wp-json\/wp\/v2\/categories?post=5313"},{"taxonomy":"post_tag","embeddable":true,"href":"https:\/\/www.promendoza.com\/es\/wp-json\/wp\/v2\/tags?post=5313"}],"curies":[{"name":"wp","href":"https:\/\/api.w.org\/{rel}","templated":true}]}}