{"id":5320,"date":"2018-07-27T16:27:53","date_gmt":"2018-07-27T19:27:53","guid":{"rendered":"http:\/\/www.promendoza.com\/?p=5320"},"modified":"2018-07-27T16:27:53","modified_gmt":"2018-07-27T19:27:53","slug":"el-emetur-y-promendoza-potenciaran-su-trabajo-en-los-mercados-extranjeros","status":"publish","type":"post","link":"https:\/\/www.promendoza.com\/es\/el-emetur-y-promendoza-potenciaran-su-trabajo-en-los-mercados-extranjeros\/","title":{"rendered":"El Emetur y ProMendoza potenciar\u00e1n su trabajo en los mercados extranjeros"},"content":{"rendered":"<style type=\"text\/css\"><\/style><h5>Las dos instituciones del Gobierno que trabajan para captar divisas extranjeras firmaron un convenio de cooperaci\u00f3n para potenciar la llegada a los mercados reales o potenciales, generados a partir de la creciente conectividad a\u00e9rea.<\/h5>\n<p>&nbsp;<\/p>\n<p>La presidente del Ente Mendoza Turismo (Emetur), Gabriela Testa, y el presidente de la Fundaci\u00f3n ProMendoza, Alberto Carleti, firmaron un convenio de cooperaci\u00f3n. De esta manera ambas instituciones se comprometieron a trabajar mancomunadamente para difundir e instalar la Marca Mendoza en los mercados extranjeros reales o potenciales. La iniciativa fue generada por la creciente conectividad a\u00e9rea que ha logrado nuestra provincia con pa\u00edses cuyos habitantes encuentran en la oferta mendocina atractivos tur\u00edsticos y productos que est\u00e1n dentro de sus intereses de consumo.<\/p>\n<p>Tanto el Emetur como ProMendoza son instituciones del Gobierno que trabajan con el objetivo de captar divisas extranjeras en la coyuntura actual que ofrece un contexto favorable a la situaci\u00f3n cambiaria. Los organismos trabajar\u00e1n en conjunto para proyectar la imagen de la provincia en los mercados reales y potenciales, tanto para estimular el turismo internacional como tambi\u00e9n el resto de las actividades productivas de Mendoza.<\/p>\n<p>El Gobernador Alfredo Cornejo estuvo presente durante la firma del convenio. El mandatario calific\u00f3 las tareas que las entidades realizan como una de las principales en materia de instrumentos de pol\u00edtica econ\u00f3mica de Mendoza. \u201cSi bien, la mayor parte de estos instrumentos dependen del Gobierno Nacional, los pocos que tenemos, gracias al saneamiento de las finanzas provinciales, los estamos poniendo en movimiento\u201d, dijo.<\/p>\n<p>\u201cQueremos potenciar las cosas que se han hecho bien desde el Emetur y ProMendoza y potenciarlas. Estamos atrayendo a muchos m\u00e1s turistas \u2013gracias a estos trabajos- y eso ha generado empleo e inversi\u00f3n. Hemos advertido algunas mejoras en el comercio tras amplias ca\u00eddas y sin dudas tiene que ver con el tipo de cambio y la retracci\u00f3n de las compras en Chile. Nuestro objetivo es ahora aumentar las exportaciones reales y eso requiere de un trabajo de ingenier\u00eda fina\u201d, agreg\u00f3 Cornejo.<\/p>\n<p>El Gobernador destac\u00f3 que en materia tur\u00edstica tenemos una enorme potencialidad. \u201cSe est\u00e1 remodelando la terminal de \u00f3mnibus para apuntalar al sector. El nuevo aeropuerto es otro de los factores que ha posibilitado el crecimiento en el turismo. Con estas acciones quiero dejar sentada las bases para el futuro de un mejor comercio exterior y un mejor turismo para Mendoza\u201d, detall\u00f3 el mandatario.<\/p>\n<p>Por su parte, Testa destac\u00f3 que el turismo gastron\u00f3mico y el enoturismo, m\u00e1s la producci\u00f3n agr\u00edcola y ganadera y las exportaciones de delicatessen, entre otras, potencian la actividad tur\u00edstica. \u201cEsto permite dinamizar la econom\u00eda local y, as\u00ed, generar m\u00e1s empleo privado\u201d, dijo.<\/p>\n<p>En cuanto a infraestructura para el sector, Testa se\u00f1al\u00f3 al trabajo que se realiz\u00f3 en el aeropuerto y el que ahora se realiza en la terminal de \u00f3mnibus, se suman las tareas en distintas rutas. \u201cHoy, Vialidad Nacional anunci\u00f3 la mejora de las rutas del sur de la provincia, adem\u00e1s de lo que ya se ha ejecutado como el t\u00fanel que une Cacheuta con Potrerillos y la aprobaci\u00f3n de la ley para dinamizar el dique Potrerillos, con la figura p\u00fablico-privado (PP)\u201d, inform\u00f3.<\/p>\n<p>Seg\u00fan la funcionaria, en 2017 Mendoza super\u00f3 los 3,5 millones de turistas, lo que representa un 7% m\u00e1s que en el a\u00f1o anterior y asegur\u00f3 que \u201cestos \u00edndices pueden mantenerse o aumentar. Hay que ver el comportamiento de la demanda\u201d.<\/p>\n<p>La funcionaria coment\u00f3 que este incremento de turistas se debe a que \u201cla marca Mendoza y la marca Argentina tienen un buen posicionamiento a nivel mundial, as\u00ed que apostamos al mercado extranjero, sin descuidar el nacional para el que contamos con atractivos como la variada agenda cultural, la llegada de Tecn\u00f3polis, las actuaciones de destacados artistas, la Feria del Libro, Tangos por los Caminos del Vino, entre otros\u201d.<\/p>\n<p>Finalmente, el presidente de ProMendoza Alberto Carletti sostuvo que se ha dado \u201cun salto de calidad, al entender al turismo como un producto. Debemos aprovechar los destinos que nos da la nueva conectividad. El Emetur tiene su capacidad de promocionar en el Estado Nacional y ProMendoza tiene profesionalismo en todo lo que es el exterior. Esto es m\u00faltiple, a trav\u00e9s de ferias, las posibilidades de trabajo son grandes\u201d.<\/p>\n<p>Sobre la tarea que al respecto viene realizando ProMendoza, afirm\u00f3: \u201cTenemos una gran gesti\u00f3n en la promoci\u00f3n de productos agro industriales en el exterior. Esta es una manera de promocionar la marca Mendoza como un destino tur\u00edstico\u201d.<\/p>\n<p><strong>Antecedentes de trabajos concretos entre el Emetur y ProMendoza<\/strong><\/p>\n<p>Como antecedente de la colaboraci\u00f3n que ya existe, se puede mencionar el trabajo que el Emetur y ProMendoza llevan a cabo en la red de las Great Wine Capitals. Las instituciones trabajan en intercambios culturales, econ\u00f3micos y acad\u00e9micos entre las reconocidas \u201cGrandes Capitales del Vino del Mundo\u201d, red global de la cual Mendoza forma parte desde el a\u00f1o 2005 de manera ininterrumpida, y que ubica a la provincia en la selecta g\u00f3ndola de los destinos enotur\u00edsticos m\u00e1s prestigiosos y visitados.<\/p>\n<p>A partir de la firma del acuerdo, los organismos realizar\u00e1n actividades promocionales como presentaciones en distintos destinos para operadores tur\u00edsticos, prensa, l\u00edderes de opini\u00f3n y empresas vinculadas a los sectores de inter\u00e9s para la provincia, que se sumar\u00e1n a las acciones que ya lleva adelante cada instituci\u00f3n.<\/p>\n<p><strong>Acciones en el exterior<\/strong><\/p>\n<p>La promoci\u00f3n de productos en ferias internacionales, misiones comerciales, misiones exploratorias, rondas de negocios, tastings, road shows, promoci\u00f3n tur\u00edstica en ferias internacionales, capacitaciones a operadores tur\u00edsticos, presentaciones ante prensa, entre otras acciones que se llevan a cabo, se ver\u00e1n potenciadas con el trabajo conjunto del Emetur y ProMendoza de aqu\u00ed en adelante.<\/p>\n<p>A esto hay que agregar la sostenida promoci\u00f3n tur\u00edstica en el extranjero a trav\u00e9s de la publicidad \u2013tanto en formatos tradicionales como sobre todo en los digitales-, un esfuerzo que hace la Provincia desde el inicio de la gesti\u00f3n de gobierno, y que hace que la Marca Mendoza est\u00e9 siempre en la mente del viajero.<\/p>\n<p>En este sentido Chile, Brasil y Per\u00fa son los principales destinatarios de esos mensajes, pero tambi\u00e9n se ha sumado en el \u00faltimo tiempo pr\u00e1cticamente toda Am\u00e9rica, con una fuerte apuesta de aerol\u00edneas como Copa Airlines y Avianca, que han llevado en sus revistas de abordo p\u00e1ginas y p\u00e1ginas sobre Mendoza y sus atractivos tur\u00edsticos, llegando as\u00ed a miles de pasajeros que han volado por el continente.<\/p>\n<p><strong>Conectividad, un factor clave<\/strong><\/p>\n<p>La mejora en la infraestructura aeroportuaria, la incorporaci\u00f3n de nuevas empresas al mercado, y la potenciaci\u00f3n de la l\u00ednea de bandera, Aerol\u00edneas Argentinas, son los tres ejes en los que se basa el Plan Aerocomercial Nacional ejecutado por el presidente Mauricio Macri con el objetivo de lograr m\u00e1s y mejor conectividad en el pa\u00eds y tambi\u00e9n integrar a la Argentina con el mundo.<\/p>\n<p>En ese sentido, el aeropuerto de Mendoza fue el primero en ser ampliado y remodelado. A partir de ese hito, las autoridades del Emetur participaron de las dos audiencias p\u00fablicas convocadas por la ANAC -Administraci\u00f3n Nacional de Aviaci\u00f3n Civil- para apoyar las solicitudes de rutas a\u00e9reas de cabotaje e internacionales presentadas por diferentes aerol\u00edneas.<\/p>\n<p>Es as\u00ed que a partir de ese proceso, el Ministerio de Transporte de la Naci\u00f3n autoriz\u00f3 rutas para los tres aeropuertos de nuestra provincia: Mendoza, San Rafael y Malarg\u00fce. Algunas de esas rutas ya est\u00e1n operativas.<\/p>\n<p>Pero adem\u00e1s, el Gobierno provincial trabaj\u00f3 para la ampliaci\u00f3n de los acuerdos bilaterales con otros pa\u00edses con el fin de lograr m\u00e1s y mejor conexi\u00f3n para Mendoza. Hoy, son 190 los vuelos semanales que tiene el aeropuerto El Plumerillo, entre los de cabotaje y los internacionales.<\/p>\n<p><img loading=\"lazy\" class=\"alignnone wp-image-5322 size-medium\" src=\"http:\/\/www.promendoza.com\/wp-content\/uploads\/2018\/07\/carleti-2-300x167.png\" alt=\"\" width=\"300\" height=\"167\" srcset=\"https:\/\/www.promendoza.com\/wp-content\/uploads\/2018\/07\/carleti-2-300x167.png 300w, https:\/\/www.promendoza.com\/wp-content\/uploads\/2018\/07\/carleti-2-768x427.png 768w, https:\/\/www.promendoza.com\/wp-content\/uploads\/2018\/07\/carleti-2-580x323.png 580w, https:\/\/www.promendoza.com\/wp-content\/uploads\/2018\/07\/carleti-2-820x456.png 820w, https:\/\/www.promendoza.com\/wp-content\/uploads\/2018\/07\/carleti-2.png 868w\" sizes=\"(max-width: 300px) 100vw, 300px\" \/>\u00a0<img loading=\"lazy\" class=\"alignnone wp-image-5323 size-medium\" src=\"http:\/\/www.promendoza.com\/wp-content\/uploads\/2018\/07\/carleti-1-300x176.png\" alt=\"\" width=\"300\" height=\"176\" srcset=\"https:\/\/www.promendoza.com\/wp-content\/uploads\/2018\/07\/carleti-1-300x176.png 300w, https:\/\/www.promendoza.com\/wp-content\/uploads\/2018\/07\/carleti-1-768x451.png 768w, https:\/\/www.promendoza.com\/wp-content\/uploads\/2018\/07\/carleti-1-580x341.png 580w, https:\/\/www.promendoza.com\/wp-content\/uploads\/2018\/07\/carleti-1-820x482.png 820w, https:\/\/www.promendoza.com\/wp-content\/uploads\/2018\/07\/carleti-1.png 856w\" sizes=\"(max-width: 300px) 100vw, 300px\" \/><\/p>\n","protected":false},"excerpt":{"rendered":"<p>Las dos instituciones del Gobierno que trabajan para captar divisas extranjeras firmaron un convenio de cooperaci\u00f3n para potenciar la llegada a los mercados reales o potenciales, generados a partir de&#8230;<\/p>\n","protected":false},"author":1,"featured_media":8666,"comment_status":"closed","ping_status":"open","sticky":false,"template":"","format":"image","meta":[],"categories":[3],"tags":[],"_links":{"self":[{"href":"https:\/\/www.promendoza.com\/es\/wp-json\/wp\/v2\/posts\/5320"}],"collection":[{"href":"https:\/\/www.promendoza.com\/es\/wp-json\/wp\/v2\/posts"}],"about":[{"href":"https:\/\/www.promendoza.com\/es\/wp-json\/wp\/v2\/types\/post"}],"author":[{"embeddable":true,"href":"https:\/\/www.promendoza.com\/es\/wp-json\/wp\/v2\/users\/1"}],"replies":[{"embeddable":true,"href":"https:\/\/www.promendoza.com\/es\/wp-json\/wp\/v2\/comments?post=5320"}],"version-history":[{"count":0,"href":"https:\/\/www.promendoza.com\/es\/wp-json\/wp\/v2\/posts\/5320\/revisions"}],"wp:featuredmedia":[{"embeddable":true,"href":"https:\/\/www.promendoza.com\/es\/wp-json\/wp\/v2\/media\/8666"}],"wp:attachment":[{"href":"https:\/\/www.promendoza.com\/es\/wp-json\/wp\/v2\/media?parent=5320"}],"wp:term":[{"taxonomy":"category","embeddable":true,"href":"https:\/\/www.promendoza.com\/es\/wp-json\/wp\/v2\/categories?post=5320"},{"taxonomy":"post_tag","embeddable":true,"href":"https:\/\/www.promendoza.com\/es\/wp-json\/wp\/v2\/tags?post=5320"}],"curies":[{"name":"wp","href":"https:\/\/api.w.org\/{rel}","templated":true}]}}