{"id":5372,"date":"2018-08-11T09:54:22","date_gmt":"2018-08-11T12:54:22","guid":{"rendered":"http:\/\/www.promendoza.com\/?p=5372"},"modified":"2018-08-11T09:54:22","modified_gmt":"2018-08-11T12:54:22","slug":"jose-bartolucci-este-ano-se-podrian-exportar-unos-350-millones-de-litros-de-vino","status":"publish","type":"post","link":"https:\/\/www.promendoza.com\/es\/jose-bartolucci-este-ano-se-podrian-exportar-unos-350-millones-de-litros-de-vino\/","title":{"rendered":"Jos\u00e9 Bartolucci: \u201cEste a\u00f1o se podr\u00edan exportar unos 350 millones de litros de vino\u00bb"},"content":{"rendered":"<style type=\"text\/css\"><\/style><h5>El empresario asegur\u00f3 que para poder competir y ganar mercados nuevamente hay que convertirse en un proveedor confiable y estable.<\/h5>\n<p>Desde 2010, elaboradores de vino a granel y empresas vinculadas a la industria ven\u00edan hablando sobre la posibilidad de crear un espacio de representaci\u00f3n exclusiva para el sector.<\/p>\n<p>Hace un par de meses, la idea tom\u00f3 forma y naci\u00f3 la C\u00e1mara Argentina de Exportadores y Comercializadores de Vino a Granel.<br \/>\nActualmente est\u00e1n convocando a firmas a inscribirse para llamar a asamblea y designar la comisi\u00f3n directiva. Jos\u00e9 Bartolucci es el actual presidente.<\/p>\n<p>Ya tienen planeado un encuentro en Mendoza, al que invitar\u00e1n a potenciales compradores del exterior.<\/p>\n<p>&#8211; \u00bfPor qu\u00e9 decidieron crear una nueva c\u00e1mara para el sector vitivin\u00edcola?<br \/>\n&#8211; Siempre hemos visto que el vino a granel no ten\u00eda una representaci\u00f3n espec\u00edfica y hab\u00eda un vac\u00edo del sector. Desde 2010 venimos conversando y viendo alternativas. Hace dos meses naci\u00f3 como idea y hoy estamos lanzando la convocatoria para que las empresas de todo el pa\u00eds participen, las exportadoras fundamentalmente. Y en los pr\u00f3ximos 60 a 90 d\u00edas vamos a elegir la comisi\u00f3n directiva final para que lleve adelante el primer per\u00edodo de la c\u00e1mara.<\/p>\n<p>&#8211; \u00bfCu\u00e1l es el objetivo de la entidad?<br \/>\n&#8211; La c\u00e1mara va a buscar defender al sector del vino a granel en los distintos \u00e1mbitos. Seguramente vamos a hacer la presentaci\u00f3n en Coviar, con quienes ya hemos tenido conversaciones y muy buena aceptaci\u00f3n. Lo primordial es la integraci\u00f3n de todas las empresas y personas que quieren participar en esto, y la promoci\u00f3n. Tambi\u00e9n, ir viendo las distintas alternativas de financiamiento que existen a nivel nacional y provincial.<\/p>\n<p>&#8211; \u00bfTrabajar\u00e1n s\u00f3lo con empresas o con peque\u00f1os productores tambi\u00e9n?<br \/>\n&#8211; El objetivo es la promoci\u00f3n de los vinos a granel en el mundo y que participen todas las empresas que est\u00e9n en condiciones de exportar. Nosotros tambi\u00e9n vamos a asesorar a los socios en cuestiones comerciales e industriales relacionadas con la actividad. Sabemos que hay empresas que a lo mejor todav\u00eda no cumplen con los requisitos internacionales, pero en la c\u00e1mara van a tener cabida todas las exportadoras, peque\u00f1as, medianas y grandes.<\/p>\n<p>&#8211; \u00bfPor qu\u00e9 apuntan a la exportaci\u00f3n?<br \/>\n&#8211; Porque el mercado interno est\u00e1 establecido y es bastante m\u00e1s f\u00e1cil que el de la exportaci\u00f3n. Apuntamos a exportar en funci\u00f3n del panorama que hoy ofrece el mercado y en el que tenemos que posicionar a la Argentina. El objetivo principal es ofrecer el vino a granel como un producto permanente y no coyuntural. Ese es el gran desaf\u00edo.<\/p>\n<p>&#8211; \u00bfC\u00f3mo han sido las exportaciones hasta ahora?<br \/>\n&#8211; No ha habido mucha exportaci\u00f3n en granel por distintos escenarios econ\u00f3micos que hemos tenido. No hay que olvidarse que en Mendoza las de 2016 y 2017 fueron las peores cosechas de los \u00faltimos 50 o 60 a\u00f1os, lo que hizo que los stocks se redujeran al m\u00e1ximo y los precios fueran muy altos. Entonces se produjeron vinos con costos muy elevados y eso jugaba en contra de la exportaci\u00f3n de vino a granel.<\/p>\n<p>No obstante eso, se han hecho exportaciones. El a\u00f1o pasado alrededor de 40 millones de litros. Pero sabemos que la Argentina tiene una capacidad de exportaci\u00f3n de 150, 200 o m\u00e1s millones de litros. Es un trabajo de largo plazo. Se aumentar\u00e1 todo lo que se pueda este a\u00f1o y probablemente nos beneficie este nuevo panorama econ\u00f3mico porque ya se est\u00e1 viendo un movimiento distinto en las exportaciones.<\/p>\n<p>&#8211; \u00bfCu\u00e1l es el estado de la industria de vino a granel?<\/p>\n<p>&#8211; Debido a la situaci\u00f3n general, el consumo en el mercado interno ha ca\u00eddo y como la producci\u00f3n 2018 abastece muy bien este mercado interno, nos da la posibilidad de contar con una buena cantidad de vinos a granel para la exportaci\u00f3n. Y eso en lo sucesivo se va a mantener. Por eso tenemos que posicionar a la Argentina como un exportador confiable y estable. Este a\u00f1o, habr\u00eda una disponibilidad de 350 millones de litros para la exportaci\u00f3n de vino a granel, porque en el mercado interno se consumen unos 800 millones de litros y producimos bastante m\u00e1s.<\/p>\n<p>&#8211; \u00bfCu\u00e1les ser\u00e1n las primeras acciones que desarrollar\u00e1n?<\/p>\n<p>&#8211; Vamos a viajar a China en noviembre y a participar de la feria World Bulk Wine en Amsterdam a fines de ese mes. Tambi\u00e9n estamos organizando un evento para mayo de 2019, en Mendoza, al que invitaremos a potenciales compradores de distintos lugares del mundo. Vamos a buscar que los argentinos tengan las mismas reglas de juego que otros competidores, como Espa\u00f1a, Chile o Uruguay.<\/p>\n<p>A nosotros nos afectan, por la ubicaci\u00f3n geogr\u00e1fica, mucho los costos log\u00edsticos, m\u00e1s all\u00e1 de otras diferencias, como los acuerdos comerciales. Tenemos una variaci\u00f3n aproximada de 400 d\u00f3lares por contenedor cuando despachamos por Buenos Aires que cuando lo hacemos por Chile, donde nos resulta m\u00e1s barato. Es tratar de aportar nuestro granito de arena para mejorar y ser m\u00e1s competitivos.<\/p>\n<p>&#8211; \u00bfTienen pensado trabajar en conjunto con otras entidades?<\/p>\n<p>&#8211; S\u00ed, con ProMendoza, con Coviar, con todas la c\u00e1maras posibles. Vamos a tener reuniones con la C\u00e1mara del Mosto. La idea es seguir aportando algunas experiencias de los que venimos trabajando en esto desde hace muchos a\u00f1os, para tratar de lograr acuerdos comerciales, que la actividad econ\u00f3mica se vea beneficiada y tener un ingreso genuino de divisas, que es lo que necesita nuestro pa\u00eds.<\/p>\n<p><strong>Perfil<\/strong><\/p>\n<p>Jos\u00e9 Bartolucci es presidente de la C\u00e1mara Argentina de Exportadores y Comercializadores de Vino a Granel. Empez\u00f3 a trabajar cuando ten\u00eda 20 a\u00f1os en comercio exterior.<\/p>\n<p>Desde hace 35 a\u00f1os es due\u00f1o, con su socio, de Sul Mineira, una empresa dedicada a la exportaci\u00f3n e importaci\u00f3n de vinos, mosto, y otros productos, insumos y maquinarias vinculados, principalmente, al sector vitivin\u00edcola y oliv\u00edcola.<\/p>\n<p>Tambi\u00e9n ofrece los servicios de tr\u00e1mites aduaneros y transporte.<\/p>\n","protected":false},"excerpt":{"rendered":"<p>El empresario asegur\u00f3 que para poder competir y ganar mercados nuevamente hay que convertirse en un proveedor confiable y estable. Desde 2010, elaboradores de vino a granel y empresas vinculadas&#8230;<\/p>\n","protected":false},"author":1,"featured_media":8671,"comment_status":"closed","ping_status":"open","sticky":false,"template":"","format":"image","meta":[],"categories":[48],"tags":[],"_links":{"self":[{"href":"https:\/\/www.promendoza.com\/es\/wp-json\/wp\/v2\/posts\/5372"}],"collection":[{"href":"https:\/\/www.promendoza.com\/es\/wp-json\/wp\/v2\/posts"}],"about":[{"href":"https:\/\/www.promendoza.com\/es\/wp-json\/wp\/v2\/types\/post"}],"author":[{"embeddable":true,"href":"https:\/\/www.promendoza.com\/es\/wp-json\/wp\/v2\/users\/1"}],"replies":[{"embeddable":true,"href":"https:\/\/www.promendoza.com\/es\/wp-json\/wp\/v2\/comments?post=5372"}],"version-history":[{"count":0,"href":"https:\/\/www.promendoza.com\/es\/wp-json\/wp\/v2\/posts\/5372\/revisions"}],"wp:featuredmedia":[{"embeddable":true,"href":"https:\/\/www.promendoza.com\/es\/wp-json\/wp\/v2\/media\/8671"}],"wp:attachment":[{"href":"https:\/\/www.promendoza.com\/es\/wp-json\/wp\/v2\/media?parent=5372"}],"wp:term":[{"taxonomy":"category","embeddable":true,"href":"https:\/\/www.promendoza.com\/es\/wp-json\/wp\/v2\/categories?post=5372"},{"taxonomy":"post_tag","embeddable":true,"href":"https:\/\/www.promendoza.com\/es\/wp-json\/wp\/v2\/tags?post=5372"}],"curies":[{"name":"wp","href":"https:\/\/api.w.org\/{rel}","templated":true}]}}