{"id":5616,"date":"2018-11-16T10:36:49","date_gmt":"2018-11-16T13:36:49","guid":{"rendered":"https:\/\/www.promendoza.com\/?p=5616"},"modified":"2018-11-16T10:36:49","modified_gmt":"2018-11-16T13:36:49","slug":"hay-que-exportar-a-chile-y-con-chile-juntos-podemos-venderle-al-mundo","status":"publish","type":"post","link":"https:\/\/www.promendoza.com\/es\/hay-que-exportar-a-chile-y-con-chile-juntos-podemos-venderle-al-mundo\/","title":{"rendered":"\u00abHay que exportar a Chile y con Chile, juntos podemos venderle al mundo\u00bb"},"content":{"rendered":"<style type=\"text\/css\"><\/style><h5>As\u00ed se expres\u00f3 el mi\u00e9rcoles en en Mendoza en el Seminario \u00abC\u00f3mo Exportar a Chile\u00bb, el Secretario del Sector de Comercio Exterior de CAME, Jos\u00e9 Luis Lopetegui. La jornada tuvo lugar en el Parque TIC con m\u00e1s de 270 asistentes.<\/h5>\n<p>Se realiz\u00f3 en el Parque TIC Mendoza el seminario \u00abC\u00f3mo exportar a Chile\u00bb. A sala llena y con la presencia de unos 270 participantes, el encuentro sirvi\u00f3 para comenzar a coordinar acciones no s\u00f3lo para venderle al vecino pa\u00eds sino tambi\u00e9n para trabajar en forma conjunta y articulada a fin de ganar nuevos mercados.<\/p>\n<p>La apertura de la jornada estuvo a cargo del ministro de Econom\u00eda, Infraestructura y Energ\u00eda de Mendoza, Mart\u00edn Kerchner, que reci\u00e9n llegado de su gira por China y Dubai donde inaugur\u00f3 plataformas log\u00edsticas (hubs) para los productos mendocinos (vino, frutos secos y ciruela desecada), expres\u00f3 la necesidad de no competir con Chile sino de trabajar con los trasandinos. Coincidi\u00f3 con su visi\u00f3n el intendente de Godoy Cruz, Tadeo Garc\u00eda Zalazar, tambi\u00e9n presente en el seminario.<\/p>\n<p>Luego habl\u00f3 el Secretario del Sector de Comercio Exterior de CAME, Jos\u00e9 Luis Lopetegui que advirti\u00f3 que las Pymes est\u00e1n fuera del sistema exportador. En este sentido dijo que \u00abhay que buscarlas, por eso usamos la capilaridad que tiene CAME\u00bb.<\/p>\n<p>Tambi\u00e9n se\u00f1al\u00f3 que si bien la Argentina cuenta con varios programas referidos a exportaciones, estos se sub-ejecutan.<\/p>\n<p>En otro orden explic\u00f3 c\u00f3mo funciona a la Red LATAM que impulsa CAME, cuyo lanzamiento tuvo lugar en setiembre pasado. Lopetegui record\u00f3 con im\u00e1genes que dicha red tendr\u00e1 como objetivo \u00abacompa\u00f1ar a todo el ecosistema de las peque\u00f1as y medianas empresas argentinas a aterrizar en pa\u00edses del continente americano en donde act\u00faan agentes de CAME que pueden acompa\u00f1arlos en el proceso de internacionalizaci\u00f3n\u00bb. Adem\u00e1s expuso sobre el trabajo de las oficinas de CAME en Brasil, Estados Unidos (Miami), M\u00e9xico, Panam\u00e1, Paraguay y Per\u00fa.<\/p>\n<p>Lopetegui tambi\u00e9n se refiri\u00f3 a la importancia de continuar con el tema capacitaciones y con respecto a los potenciales compradores de nuestros productos dej\u00f3 una frase para la reflexi\u00f3n: \u00abNo nos est\u00e1n esperando para comprar\u00bb. En ese aspecto sugiri\u00f3 conocer bien el mercado y estar preparados.<\/p>\n<p>Para finalizar el Secretario del Sector de Comercio Exterior de CAME dijo: \u00abHay que exportar a Chile y con Chile. Pensemos en grande que podemos. Junto con Chile podemos venderle al mundo\u00bb.<\/p>\n<p>Inmediatamente disert\u00f3 el Gerente del Banco Ciudad en Mendoza, Ra\u00fal Cozzolino, que explic\u00f3 las distintas l\u00edneas de financiamiento que ofrece la entidad para los exportadores.<\/p>\n<p>Finalmente expuso Javier Kuhlmann (Grupo AZVI de Chile) que habl\u00f3 de la oportunidad de trabajar en forma articulada para distribuir hacia todo el vecino pa\u00eds y exportar a otras naciones de Asia-Pac\u00edfico. En este plano plante\u00f3 la necesidad de la \u00abcomplementariedad\u00bb y de los encadenamientos productivos entre ambos pa\u00edses en pos de la internacionalizaci\u00f3n de las empresas exportadoras.<\/p>\n<p>Con respecto a lo que la Argentina le podr\u00eda vender a Chile mencion\u00f3: alimentos, autopartes, metalmec\u00e1nica, art\u00edculos para casa y jard\u00edn, construcci\u00f3n y electricidad, pl\u00e1sticos y envases y vestimenta y calzado. Como cierre el especialista de chileno enfatiz\u00f3 que \u00abla cordillera que nos une es la principal puerta para exportar\u00bb.<\/p>\n<p>El encuentro estuvo organizado por las siguientes entidades:<\/p>\n<p>Confederaci\u00f3n Argentina de la Mediana Empresa (CAME), Federaci\u00f3n Econ\u00f3mica de Mendoza (FEM)<\/p>\n<p>Instituto de Desarrollo Comercial (IDC), IDITS, Municipalidad de Godoy Cruz, ProMendoza y Ministerio de Econom\u00eda, Infraestructura y Energ\u00eda<\/p>\n<p>Adem\u00e1s cont\u00f3 con el apoyo de:<\/p>\n<p>OSDEPYM, COINTER, BANCO CIUDAD, SERVER GROUP, AZVI y ADERPE.<\/p>\n","protected":false},"excerpt":{"rendered":"<p>As\u00ed se expres\u00f3 el mi\u00e9rcoles en en Mendoza en el Seminario \u00abC\u00f3mo Exportar a Chile\u00bb, el Secretario del Sector de Comercio Exterior de CAME, Jos\u00e9 Luis Lopetegui. La jornada tuvo&#8230;<\/p>\n","protected":false},"author":1,"featured_media":8749,"comment_status":"closed","ping_status":"open","sticky":false,"template":"","format":"image","meta":[],"categories":[47],"tags":[],"_links":{"self":[{"href":"https:\/\/www.promendoza.com\/es\/wp-json\/wp\/v2\/posts\/5616"}],"collection":[{"href":"https:\/\/www.promendoza.com\/es\/wp-json\/wp\/v2\/posts"}],"about":[{"href":"https:\/\/www.promendoza.com\/es\/wp-json\/wp\/v2\/types\/post"}],"author":[{"embeddable":true,"href":"https:\/\/www.promendoza.com\/es\/wp-json\/wp\/v2\/users\/1"}],"replies":[{"embeddable":true,"href":"https:\/\/www.promendoza.com\/es\/wp-json\/wp\/v2\/comments?post=5616"}],"version-history":[{"count":0,"href":"https:\/\/www.promendoza.com\/es\/wp-json\/wp\/v2\/posts\/5616\/revisions"}],"wp:featuredmedia":[{"embeddable":true,"href":"https:\/\/www.promendoza.com\/es\/wp-json\/wp\/v2\/media\/8749"}],"wp:attachment":[{"href":"https:\/\/www.promendoza.com\/es\/wp-json\/wp\/v2\/media?parent=5616"}],"wp:term":[{"taxonomy":"category","embeddable":true,"href":"https:\/\/www.promendoza.com\/es\/wp-json\/wp\/v2\/categories?post=5616"},{"taxonomy":"post_tag","embeddable":true,"href":"https:\/\/www.promendoza.com\/es\/wp-json\/wp\/v2\/tags?post=5616"}],"curies":[{"name":"wp","href":"https:\/\/api.w.org\/{rel}","templated":true}]}}