{"id":6195,"date":"2019-03-07T13:31:49","date_gmt":"2019-03-07T16:31:49","guid":{"rendered":"https:\/\/www.promendoza.com\/?p=6195"},"modified":"2019-03-07T13:31:49","modified_gmt":"2019-03-07T16:31:49","slug":"mendoza-ya-puede-exportar-pera-y-manzana-a-brasil","status":"publish","type":"post","link":"https:\/\/www.promendoza.com\/es\/mendoza-ya-puede-exportar-pera-y-manzana-a-brasil\/","title":{"rendered":"Mendoza ya puede exportar pera y manzana a Brasil"},"content":{"rendered":"<style type=\"text\/css\"><\/style><h5>A diferencia de las dem\u00e1s zonas productivas de Argentina, por sus desarrollados controles fitosanitarios, la provincia de Mendoza ya est\u00e1 autorizada para exportar pera y manzana a Brasil.<\/h5>\n<p>Autoridades del Servicio Nacional de Sanidad y Calidad Agroalimentaria (Senasa) confirmaron hoy que Brasil acord\u00f3 levantar la suspensi\u00f3n que pesaba sobre las importaciones de peras y manzanas provenientes de Argentina. De acuerdo con lo informado por el Senasa, la medida se har\u00e1 efectiva cuando la resoluci\u00f3n sea publicada en el Bolet\u00edn Oficial de Brasil.<\/p>\n<p>Seguidamente a esto, esta ma\u00f1ana, en Tunuy\u00e1n, el ministro de Econom\u00eda Infraestructura y Energ\u00eda, Mart\u00edn Kerchner, inform\u00f3 que \u201cMendoza ya qued\u00f3 exceptuada de la prohibici\u00f3n de exportar pera y manzana a Brasil. Esto es gracias a que tenemos una barrera sanitaria como no la tiene la zona patag\u00f3nica de la Argentina\u201d. En este departamento del Valle de Uco, los productores manifestaron su satisfacci\u00f3n con la noticia, que hab\u00eda llegado en un momento cuando se estaba enviando la producci\u00f3n de la regi\u00f3n y de la provincia.<\/p>\n<p>Paralelamente, Kerchner destac\u00f3 \u201cla reacci\u00f3n r\u00e1pida del Ministerio de Econom\u00eda\u201d, y record\u00f3 que los organismos de control fitosanitario de Mendoza fueron restaurados por la actual gesti\u00f3n: \u201cEsto es producto de un camino que hicimos cuando llegamos al Gobierno, ya que cuando iniciamos esta gesti\u00f3n, se hab\u00eda ca\u00eddo la barrera sanitaria, producto de la ineficacia del gobierno anterior, que no llevaron adelante una pol\u00edtica seria. Debimos restaurar una barrera sanitaria que no exist\u00eda, y combatir plagas que hab\u00edan ingresado por esta causa (como la Lobesia botrana y la Carpocapsa) y que nos hicieron perder el status sanitario\u201d.<\/p>\n<p>\u201cNosotros recuperamos el status sanitario y, gracias a eso, Mendoza ser\u00e1 la \u00fanica provincia que va a poder enviar su producci\u00f3n de pera y manzana fresca a Brasil\u201d, sintetiz\u00f3 Kerchner. Adem\u00e1s, inform\u00f3 que los acuerdos con Brasil implican m\u00e1s controles para la zona patag\u00f3nica.<\/p>\n","protected":false},"excerpt":{"rendered":"<p>A diferencia de las dem\u00e1s zonas productivas de Argentina, por sus desarrollados controles fitosanitarios, la provincia de Mendoza ya est\u00e1 autorizada para exportar pera y manzana a Brasil. Autoridades del&#8230;<\/p>\n","protected":false},"author":1,"featured_media":8786,"comment_status":"closed","ping_status":"open","sticky":false,"template":"","format":"image","meta":[],"categories":[47],"tags":[],"_links":{"self":[{"href":"https:\/\/www.promendoza.com\/es\/wp-json\/wp\/v2\/posts\/6195"}],"collection":[{"href":"https:\/\/www.promendoza.com\/es\/wp-json\/wp\/v2\/posts"}],"about":[{"href":"https:\/\/www.promendoza.com\/es\/wp-json\/wp\/v2\/types\/post"}],"author":[{"embeddable":true,"href":"https:\/\/www.promendoza.com\/es\/wp-json\/wp\/v2\/users\/1"}],"replies":[{"embeddable":true,"href":"https:\/\/www.promendoza.com\/es\/wp-json\/wp\/v2\/comments?post=6195"}],"version-history":[{"count":0,"href":"https:\/\/www.promendoza.com\/es\/wp-json\/wp\/v2\/posts\/6195\/revisions"}],"wp:featuredmedia":[{"embeddable":true,"href":"https:\/\/www.promendoza.com\/es\/wp-json\/wp\/v2\/media\/8786"}],"wp:attachment":[{"href":"https:\/\/www.promendoza.com\/es\/wp-json\/wp\/v2\/media?parent=6195"}],"wp:term":[{"taxonomy":"category","embeddable":true,"href":"https:\/\/www.promendoza.com\/es\/wp-json\/wp\/v2\/categories?post=6195"},{"taxonomy":"post_tag","embeddable":true,"href":"https:\/\/www.promendoza.com\/es\/wp-json\/wp\/v2\/tags?post=6195"}],"curies":[{"name":"wp","href":"https:\/\/api.w.org\/{rel}","templated":true}]}}