{"id":8828,"date":"2017-03-22T12:28:18","date_gmt":"2017-03-22T15:28:18","guid":{"rendered":"http:\/\/www.promendoza.com\/?p=3949"},"modified":"2017-03-22T12:28:18","modified_gmt":"2017-03-22T15:28:18","slug":"perez-cuesta-reemplazara-a-gabriel-fidel-en-la-presidencia-de-promendoza","status":"publish","type":"post","link":"https:\/\/www.promendoza.com\/es\/perez-cuesta-reemplazara-a-gabriel-fidel-en-la-presidencia-de-promendoza\/","title":{"rendered":"P\u00e9rez Cuesta reemplazar\u00e1 a Gabriel Fidel en la presidencia de ProMendoza"},"content":{"rendered":"<style type=\"text\/css\"><\/style><header>\n<hgroup>\n<h3>El actual mandatario pasa a ocupar la mesa de YPF. Ya estaba estipulada la llegada del presidente de la Bolsa de Comercio de Mendoza.<\/h3>\n<\/hgroup>\n<\/header>\n<article class=\"cuerponota\">\n<div class=\"row-fluid\">\n<div class=\"span12\">\n<figure>\n<div id=\"carousel\" class=\"carousel slide\">\n<div class=\"carousel-inner\">\n<div class=\"item active\"><\/div>\n<\/div>\n<\/div>\n<\/figure>\n<\/div>\n<\/div>\n<div class=\"row-fluid\">\n<div class=\"span10\">\n<p>A partir de mayo el titular de la Bolsa de Comercio de Mendoza, Jorge P\u00e9rez Cuesta, pasar\u00e1 a ser tambi\u00e9n el presidente de ProMendoza. Hasta esa fecha, Gabriel Fidel seguir\u00e1 ocupando el cargo que lo dejar\u00e1 para asumir el directorio de YPF en lugar de\u00a0Enrique Vaqui\u00e9 que pas\u00f3 a la vicepresidencia del Banco Naci\u00f3n.<\/p>\n<p>No obstante, desde ProMendoza, aseguraron a Los Andes que esto se da en un marco normal y no es por la salida de Fidel la llegada de Perez Cuesta, sino que ya estaba estipulada de esa manera. Explicaron que \u00abla presidencia de la Fundaci\u00f3n ProMendoza dura un a\u00f1o y es rotativa entre los entes que la integran, es decir, gobierno provincial, Bolsa de Comercio, Federaci\u00f3n Econ\u00f3mica de Mendoza (FEM) y Uni\u00f3n Comercial e Industrial de Mendoza (UCIM) y ahora es el turno de la Bolsa\u00bb.<\/p>\n<\/div>\n<\/div>\n<\/article>\n","protected":false},"excerpt":{"rendered":"<p>El actual mandatario pasa a ocupar la mesa de YPF. Ya estaba estipulada la llegada del presidente de la Bolsa de Comercio de Mendoza. A partir de mayo el titular&#8230;<\/p>\n","protected":false},"author":1,"featured_media":8441,"comment_status":"closed","ping_status":"open","sticky":false,"template":"","format":"image","meta":[],"categories":[3],"tags":[],"_links":{"self":[{"href":"https:\/\/www.promendoza.com\/es\/wp-json\/wp\/v2\/posts\/8828"}],"collection":[{"href":"https:\/\/www.promendoza.com\/es\/wp-json\/wp\/v2\/posts"}],"about":[{"href":"https:\/\/www.promendoza.com\/es\/wp-json\/wp\/v2\/types\/post"}],"author":[{"embeddable":true,"href":"https:\/\/www.promendoza.com\/es\/wp-json\/wp\/v2\/users\/1"}],"replies":[{"embeddable":true,"href":"https:\/\/www.promendoza.com\/es\/wp-json\/wp\/v2\/comments?post=8828"}],"version-history":[{"count":0,"href":"https:\/\/www.promendoza.com\/es\/wp-json\/wp\/v2\/posts\/8828\/revisions"}],"wp:featuredmedia":[{"embeddable":true,"href":"https:\/\/www.promendoza.com\/es\/wp-json\/wp\/v2\/media\/8441"}],"wp:attachment":[{"href":"https:\/\/www.promendoza.com\/es\/wp-json\/wp\/v2\/media?parent=8828"}],"wp:term":[{"taxonomy":"category","embeddable":true,"href":"https:\/\/www.promendoza.com\/es\/wp-json\/wp\/v2\/categories?post=8828"},{"taxonomy":"post_tag","embeddable":true,"href":"https:\/\/www.promendoza.com\/es\/wp-json\/wp\/v2\/tags?post=8828"}],"curies":[{"name":"wp","href":"https:\/\/api.w.org\/{rel}","templated":true}]}}