{"id":8830,"date":"2017-04-03T13:02:08","date_gmt":"2017-04-03T16:02:08","guid":{"rendered":"http:\/\/www.promendoza.com\/?p=3967"},"modified":"2017-04-03T13:02:08","modified_gmt":"2017-04-03T16:02:08","slug":"promendoza-lanza-una-nueva-edicion-de-pymexporta","status":"publish","type":"post","link":"https:\/\/www.promendoza.com\/es\/promendoza-lanza-una-nueva-edicion-de-pymexporta\/","title":{"rendered":"ProMendoza lanza una nueva edici\u00f3n de Pymexporta"},"content":{"rendered":"<style type=\"text\/css\"><\/style><h4>El programa busca beneficiar a los peque\u00f1os y medianos exportadores devolvi\u00e9ndoles hasta el 50% de lo que inviertan para exportar.<\/h4>\n<p>A partir de esta semana ProMendoza relanza el Programa Pymexporta, cuyo objetivo es reintegrar a las peque\u00f1as y medianas empresas, hasta el 50% de gastos efectuados en promoci\u00f3n de productos y servicios en el exterior.<\/p>\n<p>El programa busca ayudar a las empresas exportadoras y\/o con potencial internacional a conseguir nuevos clientes y concretar exportaciones. El desarrollo, la ejecuci\u00f3n y el control del programa Pymexporta est\u00e1 a cargo de la Fundaci\u00f3n.<\/p>\n<figure id=\"vsmv42774v207\" class=\"vsmimage\" contenteditable=\"false\"><img id=\"imgv97691v1\" class=\"photo\" src=\"http:\/\/i1.mdzol.com\/files\/image\/759\/759883\/58e28f8ae654c_644_!.jpg?s=f0e85af64c45ef7a70bbb429e2c532fb&#038;d=1499097691\" alt=\"Pymexporta 1\" width=\"576\" \/><\/figure>\n<p><b>Qu\u00e9 actividades incluye<\/b><\/p>\n<p>Las empresas pueden utilizar este Programa para la obtenci\u00f3n de marcas en el extranjero; la formaci\u00f3n de joint-ventures u otras asociaciones en el exterior; dise\u00f1o e impresi\u00f3n de folletos, videos, web, e-commerce, u otras herramientas de promoci\u00f3n; viajes de ejecutivos mercados extranjeros (pasaje y alojamiento para una persona con un m\u00e1ximo de 5 noches)<\/p>\n<p>&#8211; Participaci\u00f3n en ferias comerciales y rondas de negocios<\/p>\n<p>&#8211; Env\u00edos de muestras<\/p>\n<p><b>Qui\u00e9nes se benefician<\/b><\/p>\n<p>Se encuentra abierta la inscripci\u00f3n para todas aquellas empresas que tengan un producto o servicio propio, con establecimiento productivo en Mendoza, cuya antig\u00fcedad supere los dos a\u00f1os y posea una facturaci\u00f3n anual que no supere los 3 millones d\u00f3lares y cuyas exportaciones sean menores o iguales a 1 mill\u00f3n de d\u00f3lares.<\/p>\n","protected":false},"excerpt":{"rendered":"<p>El programa busca beneficiar a los peque\u00f1os y medianos exportadores devolvi\u00e9ndoles hasta el 50% de lo que inviertan para exportar. A partir de esta semana ProMendoza relanza el Programa Pymexporta,&#8230;<\/p>\n","protected":false},"author":1,"featured_media":8446,"comment_status":"closed","ping_status":"open","sticky":false,"template":"","format":"image","meta":[],"categories":[4],"tags":[],"_links":{"self":[{"href":"https:\/\/www.promendoza.com\/es\/wp-json\/wp\/v2\/posts\/8830"}],"collection":[{"href":"https:\/\/www.promendoza.com\/es\/wp-json\/wp\/v2\/posts"}],"about":[{"href":"https:\/\/www.promendoza.com\/es\/wp-json\/wp\/v2\/types\/post"}],"author":[{"embeddable":true,"href":"https:\/\/www.promendoza.com\/es\/wp-json\/wp\/v2\/users\/1"}],"replies":[{"embeddable":true,"href":"https:\/\/www.promendoza.com\/es\/wp-json\/wp\/v2\/comments?post=8830"}],"version-history":[{"count":0,"href":"https:\/\/www.promendoza.com\/es\/wp-json\/wp\/v2\/posts\/8830\/revisions"}],"wp:featuredmedia":[{"embeddable":true,"href":"https:\/\/www.promendoza.com\/es\/wp-json\/wp\/v2\/media\/8446"}],"wp:attachment":[{"href":"https:\/\/www.promendoza.com\/es\/wp-json\/wp\/v2\/media?parent=8830"}],"wp:term":[{"taxonomy":"category","embeddable":true,"href":"https:\/\/www.promendoza.com\/es\/wp-json\/wp\/v2\/categories?post=8830"},{"taxonomy":"post_tag","embeddable":true,"href":"https:\/\/www.promendoza.com\/es\/wp-json\/wp\/v2\/tags?post=8830"}],"curies":[{"name":"wp","href":"https:\/\/api.w.org\/{rel}","templated":true}]}}