{"id":8834,"date":"2017-03-14T13:31:42","date_gmt":"2017-03-14T16:31:42","guid":{"rendered":"http:\/\/www.promendoza.com\/?p=3981"},"modified":"2017-03-14T13:31:42","modified_gmt":"2017-03-14T16:31:42","slug":"mendoza-impulsa-acuerdos-comerciales-con-brasil","status":"publish","type":"post","link":"https:\/\/www.promendoza.com\/es\/mendoza-impulsa-acuerdos-comerciales-con-brasil\/","title":{"rendered":"Mendoza impulsa acuerdos comerciales con Brasil"},"content":{"rendered":"<style type=\"text\/css\"><\/style><h4><strong>El Gobernador Alfredo Cornejo recibi\u00f3 este mediod\u00eda al embajador argentino en Brasil, Carlos Magari\u00f1os, para mantener una reuni\u00f3n clave, ya que Brasil podr\u00eda representar uno de los principales socios comerciales de la provincia. En el encuentro conversaron las formas de tener un mayor regionalismo para asociarse y generar condiciones \u00f3ptimas de negocios. El objetivo tanto de Mendoza como de Brasil es lograr mayor integraci\u00f3n, regionalismo y misiones comerciales entre ambas zonas para analizar futuros mercados para la inversi\u00f3n.<\/strong><\/h4>\n<div><\/div>\n<div>Luego, en una conferencia de prensa, brindaron detalles sobre las negociaciones que Mendoza tiene con Brasil tras la firma del convenio que se realiz\u00f3 ayer con el gobernador de Rio Grande do Sul, Jos\u00e9 Ivo Sartori. En el encuentro participaron el Gobernador Cornejo; el embajador argentino en Brasil, Carlos Magari\u00f1os; el ministro de Econom\u00eda, Infraestructura y Energ\u00eda, Mart\u00edn Kerchner, y el titular de ProMendoza, Gabriel Fidel.<\/div>\n<div><\/div>\n<div><\/div>\n<div>Tambi\u00e9n participaron diversas c\u00e1maras empresariales, entre ellas:<\/div>\n<div><\/div>\n<div><\/div>\n<div>-CAFIM (C\u00e1mara de la Fruta Industrializada de Mendoza).<\/div>\n<div><\/div>\n<div>-Asolmem (Asociaci\u00f3n Oliv\u00edcola de Mendoza).<\/div>\n<div><\/div>\n<div>-CACEC (C\u00e1mara de Comercio Exterior de Cuyo).<\/div>\n<div><\/div>\n<div>-Bodegas de Argentina.<\/div>\n<div><\/div>\n<div>-Asocamen (Asociaci\u00f3n de Productores y Exportadores de Ajo y Cebolla).<\/div>\n<div><\/div>\n<div>-FEM (Federaci\u00f3n Econ\u00f3mica de Mendoza).<\/div>\n<div><\/div>\n<div>-UCIM (Uni\u00f3n Comercial e Industrial de Mendoza).<\/div>\n<div><\/div>\n<div>-Bolsa de Comercio.<\/div>\n<div><\/div>\n<div>-Polo TIC.<\/div>\n<div><\/div>\n<div>-UIM (Uni\u00f3n Industrial de Mendoza).<\/div>\n<div><\/div>\n<div>-Bodegueros del Este.<\/div>\n<div><\/div>\n<div>-Camespe (C\u00e1mara Mendocina de Empresas de Servicios Petroleros).<\/div>\n<div><\/div>\n<div>-ASPEFF (Asociaci\u00f3n de Productores y Empacadores de Frutas Frescas).<\/div>\n<div><\/div>\n<div>\n<h3><\/h3>\n<h3 id=\"titleCMS98hjcsbzn0uy2fsh5ghr7wrk9\" class=\"tdCmsTitle1\">Una agenda conjunta de trabajo<\/h3>\n<\/div>\n<div>Al comienzo, Cornejo explic\u00f3: \u00abEsta es una visita de trabajo, ya que en Mendoza, tanto el Gobierno como el sector privado sabe que es imperioso tener una relaci\u00f3n arm\u00f3nica con Brasil y estar activos en una agenda conjunta, con una estrategia de desarrollo regional arm\u00f3nica con la Naci\u00f3n. Debemos apuntar a los sectores que nos ayuden en el desarrollo econ\u00f3mico, empleo e inversiones. Algo similar estamos haciendo con Chile\u00bb.<\/div>\n<div><\/div>\n<div>\u00abDebemos trabajar mano a mano, Gobierno nacional, provincial y sector privado, y tener en claro que desde Presidencia se abren puertas pero que el esfuerzo lo debemos hacer los interesados. El embajador ha sido seleccionado por Mauricio Macri por sus buenos v\u00ednculos y su vasta experiencia en el comercio exterior y es de las personas que creen que se deben unir regiones\u00bb, agreg\u00f3 el mandatario.<\/div>\n<div><\/div>\n<div>Asimismo, Cornejo coment\u00f3 que \u00abla prioridad de nuestra agenda es que nuestro comercio se incremente para comprar y vender mejor. Podemos equilibrar la situaci\u00f3n si ofrecemos m\u00e1s cosas y para eso debemos ser creativos y competitivos. Mendoza necesita un sector productivo privado m\u00e1s pujante y lo va hacer, entre otras cosas, si tiene mayor fluidez comercial con Brasil\u00bb.<\/div>\n<div><\/div>\n<div>\n<h3><\/h3>\n<h3 id=\"titleCMSc44qukcewxc5n7iiufjolayvi\" class=\"tdCmsTitle1\">Objetivos bilaterales<\/h3>\n<\/div>\n<div>El ministro Mart\u00edn Kerchner resalt\u00f3 la presencia de los miembros de las c\u00e1maras empresariales que dijeron presente durante el encuentro. En este sentido, explic\u00f3 que el objetivo que ten\u00edan con Magari\u00f1os era \u00abtener un cara a cara con los sectores para conocer su situaci\u00f3n y as\u00ed trabajar tanto en lo mediato como en lo inmediato. De esta reuni\u00f3n surgi\u00f3 una agenda de trabajo conjunta con el equipo de ProMendoza, el Ministerio de Econom\u00eda y la Canciller\u00eda\u00bb.<\/div>\n<div><\/div>\n<div>El ministro explic\u00f3 que son tres los temas importantes en lo que se acord\u00f3 comenzar a trabajar: \u00abUno de ellos tiene que ver con la barrera fitosanitaria, trabajo que ya se est\u00e1 realizando con el Iscamen, en materia de reducci\u00f3n de intervenciones. Estamos concretando un plan fitosanitario que permita aumentar la exportaci\u00f3n de uva en fresco y de esta manera generar competitividad para la provincia. El segundo tiene que ver con los beneficios que obtienen otros pa\u00edses por hacer las cosas bien; en esto tambi\u00e9n debemos esforzarnos por volver a tener este prestigio. Y lo tercero es comenzar a viajar a diferentes regiones de Brasil para ir generando misiones comerciales entre ambas regiones\u00bb.<\/div>\n<div><\/div>\n<div>Kerchner asegur\u00f3 adem\u00e1s que los presidentes de Argentina y Brasil ya han firmado un convenio para crear un ente binacional que permita la regulaci\u00f3n de los mercados.<\/div>\n<div><\/div>\n<div>Para finalizar, Magari\u00f1os, se\u00f1al\u00f3: \u00abEstuvimos analizando una serie de cuestiones comerciales. Adem\u00e1s, celebramos el \u00e9xito que tuvieron algunos sectores aumentado las exportaciones. Hemos concluido con que el gobierno de Mendoza va a realizar una visita a Brasil\u00bb. De esta manera, el embajador sostuvo que en los pr\u00f3ximos meses comenzar\u00e1n a realizarse las misiones comerciales entre las regiones.<\/div>\n","protected":false},"excerpt":{"rendered":"<p>El Gobernador Alfredo Cornejo recibi\u00f3 este mediod\u00eda al embajador argentino en Brasil, Carlos Magari\u00f1os, para mantener una reuni\u00f3n clave, ya que Brasil podr\u00eda representar uno de los principales socios comerciales&#8230;<\/p>\n","protected":false},"author":1,"featured_media":8450,"comment_status":"closed","ping_status":"open","sticky":false,"template":"","format":"image","meta":[],"categories":[45],"tags":[],"_links":{"self":[{"href":"https:\/\/www.promendoza.com\/es\/wp-json\/wp\/v2\/posts\/8834"}],"collection":[{"href":"https:\/\/www.promendoza.com\/es\/wp-json\/wp\/v2\/posts"}],"about":[{"href":"https:\/\/www.promendoza.com\/es\/wp-json\/wp\/v2\/types\/post"}],"author":[{"embeddable":true,"href":"https:\/\/www.promendoza.com\/es\/wp-json\/wp\/v2\/users\/1"}],"replies":[{"embeddable":true,"href":"https:\/\/www.promendoza.com\/es\/wp-json\/wp\/v2\/comments?post=8834"}],"version-history":[{"count":0,"href":"https:\/\/www.promendoza.com\/es\/wp-json\/wp\/v2\/posts\/8834\/revisions"}],"wp:featuredmedia":[{"embeddable":true,"href":"https:\/\/www.promendoza.com\/es\/wp-json\/wp\/v2\/media\/8450"}],"wp:attachment":[{"href":"https:\/\/www.promendoza.com\/es\/wp-json\/wp\/v2\/media?parent=8834"}],"wp:term":[{"taxonomy":"category","embeddable":true,"href":"https:\/\/www.promendoza.com\/es\/wp-json\/wp\/v2\/categories?post=8834"},{"taxonomy":"post_tag","embeddable":true,"href":"https:\/\/www.promendoza.com\/es\/wp-json\/wp\/v2\/tags?post=8834"}],"curies":[{"name":"wp","href":"https:\/\/api.w.org\/{rel}","templated":true}]}}