{"id":8836,"date":"2017-06-04T09:42:00","date_gmt":"2017-06-04T12:42:00","guid":{"rendered":"http:\/\/promza-2017.binara.info\/?p=3893"},"modified":"2017-06-04T09:42:00","modified_gmt":"2017-06-04T12:42:00","slug":"jorge-perez-cuesta-tenemos-que-definir-la-mendoza-que-podemos-hacer-no-la-que-nos-gustaria","status":"publish","type":"post","link":"https:\/\/www.promendoza.com\/es\/jorge-perez-cuesta-tenemos-que-definir-la-mendoza-que-podemos-hacer-no-la-que-nos-gustaria\/","title":{"rendered":"Jorge P\u00e9rez Cuesta: \u201cTenemos que definir la Mendoza que podemos hacer, no la que nos gustar\u00eda\u201d"},"content":{"rendered":"<style type=\"text\/css\"><\/style><p><strong>El titular de la Bolsa de comercio y ProMendoza, afirma que hay que debatir, entre todos los sectores, la matriz productiva. Asegura que se avanz\u00f3 en otros mercados para no depender de Brasil.<\/strong><\/p>\n<p>&nbsp;<\/p>\n<p>Jorge P\u00e9rez Cuesta, est\u00e1 entusiasmado con el cambio de Gobierno en Argentina. Cuenta an\u00e9cdotas y habla con soltura en el living de su oficina de la Bolsa de Comercio, entidad que preside y se ve obligado a repartir el tiempo entre esa instituci\u00f3n y ProMendoza.<\/p>\n<p>Se encuentra en una etapa de su vida en la que siente que tiene que trabajar por Mendoza pero \u00abdesde otro lugar\u00bb. Integrante de una familia tradicional mendocina que siempre estuvo en diferentes negocios, desde el supermercadismo, pasando por la apertura del Mendoza Plaza Shopping, que vendi\u00f3 en el 2004 al grupo IRSA, hasta desarrollos inmobiliarios y vitivin\u00edcolas.<\/p>\n<p><strong>-\u00bfOtra vez Brasil complicando la econom\u00eda?<\/strong><\/p>\n<p>-La crisis pol\u00edtica que vive Brasil hay que tomarla con cuidado y cautela. Yo mismo me asust\u00e9 cuando vi que cay\u00f3 el real y al final fue una devaluaci\u00f3n del 6%, no hay que adoptar medidas a tontas y a locas. Creo que es un tema delicado pero el problema fundamental est\u00e1 dado en la necesidad de abrir nuevos mercados y ProMendoza viene trabajando en eso, desde hace un a\u00f1o busca suplantar mercados o agregarlos a Brasil. De todas formas hay que ver c\u00f3mo lograr una competitividad que nos permita estar en el mercado brasile\u00f1o.<\/p>\n<p>Brasil es un mercado importante pero no es el \u00fanico y tenemos que trabajar para que los productos que no mandamos a Brasil, lo llevemos a otros mercados. La falta de soluci\u00f3n del problema pol\u00edtico en Brasil nos complica.<\/p>\n<p><strong>-Reemplazar mercados por Brasil se dice desde hace mucho\u2026<\/strong><\/p>\n<p>-Pero hemos estado en China, vamos a estar m\u00e1s en Estados Unidos. Estuvimos en Colombia, M\u00e9xico y Per\u00fa, esto es nuevo y no se ha hecho. Estaba previsto abrir nuevos mercados antes del problema pol\u00edtico de Brasil. Nos adelantamos, no por la crisis de Brasil, sino porque quer\u00edamos abrir nuevos mercados como en Panam\u00e1.<\/p>\n<p><strong>-Qu\u00e9 acciones tiene previstas para ProMendoza<\/strong><\/p>\n<p>-Creo que ProMendoza ha hecho una labor y se cre\u00f3 con una raz\u00f3n de ser importante en su momento pero hoy la matriz productiva ha cambiado y ProMendoza debe cambiar. Si la mantenemos como estaba hace 20 a\u00f1os estamos equivocados. El mundo, Argentina y Mendoza cambiaron. Esa evoluci\u00f3n de cambios la empez\u00f3 Gabriel Fidel y la continuaremos y profundizaremos como por ejemplo, definir la matriz productiva de Mendoza.<\/p>\n<p>Hay que avanzar en las exportaciones y tambi\u00e9n en la atracci\u00f3n de inversiones internacionales, nacionales y hasta locales. Vemos el informe de la Fundaci\u00f3n Ideal que hay 188 empresas que dejaron de exportar, tenemos que trabajar para que m\u00e1s empresas exporten.<\/p>\n<p>Definir los mercados que vamos atacar, no tenemos un gran presupuesto como otros pa\u00edses u otras provincias entonces hay que hacerlo rendir en lo que m\u00e1s beneficios nos genere, venderle a China no es lo mismo que a Costa Rica. Macri fue claro al decir en China que somos grandes productores de alimentos; ahora bien, hay que saber qu\u00e9 necesitan para que se lo preparemos. Si quieren vino hay que saber si quieren tinto o no y se los vendemos.<\/p>\n<p><strong>-C\u00f3mo imagina esto de definir la matriz productiva. Es un tema recurrente y aqu\u00ed estamos.<\/strong><\/p>\n<p>-Tenemos que replantearnos qu\u00e9 Mendoza queremos y qu\u00e9 industria necesitamos para esa Mendoza. Nuestra provincia est\u00e1 en plena etapa de cambios.<\/p>\n<p>Mendoza no tiene claro d\u00f3nde quiere ir, hay dicotom\u00edas, miner\u00eda s\u00ed, miner\u00eda no, queremos exportar pero no mucho porque se complica, queremos que suba el d\u00f3lar pero que no impacte en precios. No tenemos muy claro d\u00f3nde vamos. Pasa en Mendoza y en todo el pa\u00eds esta situaci\u00f3n.<\/p>\n<p>La provincia tiene sectores muy competitivos como la metalmec\u00e1nica, ya no hablo de Pescarmona solamente, sino tambi\u00e9n del taller el chico que produce bombas, son sectores a los que hay que orientarlos. Adem\u00e1s est\u00e1n en buena situaci\u00f3n con el d\u00f3lar que tenemos. Si no queremos miner\u00eda o petr\u00f3leo eso es otra cosa.<\/p>\n<p>Tambi\u00e9n hay que ver si se hace un lobby importante para que Mendoza tenga participaci\u00f3n importante en Vaca Muerta, para que nuestras empresas puedan estar ah\u00ed y beneficiarse.<\/p>\n<p><strong>-\u00bfQu\u00e9 cambios entiende que deben concretarse en la matriz productiva?<\/strong><\/p>\n<p>-Hay que redefinirla y eso implica un estudio que incluya varios sectores: empresarios, el gobierno, los sindicatos. Hay que tener claro que en esos di\u00e1logos, tenemos que definir la Mendoza que podemos hacer, no la que nos gustar\u00eda. Hay que pensar un proyecto y definirlo.<\/p>\n<p><strong>-Est\u00e1 la tensi\u00f3n sobre la devaluaci\u00f3n o apelar a otros mecanismos.<\/strong><\/p>\n<p>-Creo en la libertad de los mercados, sin dudas un d\u00f3lar m\u00e1s alto nos mejora pero impacta r\u00e1pido en los precios y en los costos. La experiencia del 2001 fue la \u00fanica que conozco en donde se devalu\u00f3 la moneda el 300% y se creci\u00f3 el 30%. Tambi\u00e9n hab\u00eda una capacidad ociosa muy alta y entonces se pod\u00eda crecer sin muchos problemas.<\/p>\n<p><strong>-Bueno pero devalu\u00f3 Kicillof, Macri y ahora muchos empresarios entienden que el valor del d\u00f3lar no les sirve&#8230;<\/strong><\/p>\n<p>-Veo que por primera vez en la historia, el Banco Central se est\u00e1 manejando independientemente del ministerio de Econom\u00eda. El Central define pautas y el ministerio de Econom\u00eda juega su papel por otro lado y en el mundo es as\u00ed. Qu\u00e9 ocurre, qu\u00e9 alternativa ten\u00e9s cuando hay herramientas que uno no puede tocar como el d\u00f3lar. Hay que buscar la competitividad, no es f\u00e1cil y se busca en otras cosas.<\/p>\n<p>Hay que mejorar la log\u00edstica, es caro para nosotros y nos complica la competitividad con Chile en el caso de Mendoza. Otro tema es que Chile tiene negociaciones con muchos pa\u00edses con los que puede exportar sin pagar tasas o s\u00f3lo el 10%, nosotros no tenemos acuerdo con ninguno y pagamos el 40%. La diferencia es imposible de sostener.<\/p>\n<p>El problema es que estamos dentro del Mercosur y las negociaciones no son individuales, son de bloque a bloque, no podemos negociar con la Comisi\u00f3n Europea ni con China. Esto es dif\u00edcil. El Mercosur tuvo una raz\u00f3n de ser en su momento, no s\u00e9 si deber\u00eda estar vigente, a los mendocinos nos afecta mucho porque nos limita en la concreci\u00f3n de acuerdos.<\/p>\n<p><strong>-Tambi\u00e9n se mejora la competitividad con beneficios impositivos.<\/strong><\/p>\n<p>-Est\u00e1n tratando de bajar algunos impuestos que son distorsivos en las importaciones y lo han demostrado en los retornos para acelerarlos.<\/p>\n<p>No podemos correr si todav\u00eda no caminamos, todav\u00eda falta para correr. Argentina tiene que tener consciencia de la importaci\u00f3n y tiene que tener valor agregado y generar trabajo. Si no conseguimos un crecimiento en el empleo todo fracasa. Hay que generar valor agregado y mayor cantidad de mano de obra, si esto no pasa es complicado.<\/p>\n<p><strong>Balance sobre el Gobierno Nacional y Provincial<\/strong><\/p>\n<p>-\u00bfQu\u00e9 balance hace del Gobierno Nacional?<\/p>\n<p>-Est\u00e1 entrando en el camino, creo que le ha costado hacerse cargo de lo que ven\u00eda. No s\u00e9 si no esperaban que fuera as\u00ed o cre\u00edan que era m\u00e1s f\u00e1cil solucionar algunos problemas. Est\u00e1n haciendo las cosas bien, se est\u00e1n tomando su tiempo. Veo una Argentina diferente en el trato, en la gente y faltan cosas por hacer. Le falta un poco m\u00e1s de cancha, de calle, est\u00e1n haciendo las cosas en el laboratorio y la gente est\u00e1 en la calle, pero van bien. El problema m\u00e1s grave que tienen es el d\u00e9ficit fiscal, lo van arreglando gradualmente.<\/p>\n<p>-Y c\u00f3mo ve al gobierno provincial<\/p>\n<p>-La reforma en el d\u00e9ficit fiscal la ha realizado antes que la Naci\u00f3n, tom\u00f3 conciencia de la realidad, de lo que le dejaron. Han logrado que el d\u00e9ficit fiscal primario est\u00e9 equilibrado. Mendoza va m\u00e1s r\u00e1pido en la ca\u00edda del gasto que la Naci\u00f3n.<\/p>\n<p><strong>Los recuerdos de su padre Ernesto<\/strong><\/p>\n<p>Su padre Ernesto, fund\u00f3 los supermercados Asa y Gigante y acompa\u00f1\u00f3 a Jos\u00e9 Octavio Bord\u00f3n como ministro de Obras P\u00fablicas.<\/p>\n<p>\u00abMi padre me marc\u00f3 fuerte el concepto de la justicia y la correcci\u00f3n que nos impuls\u00f3 para continuar, y as\u00ed como lo aprend\u00ed yo, se los ense\u00f1e a mis hijos. Algo que nos impact\u00f3 mucho fue que el peor pecado que hab\u00eda era el de omisi\u00f3n, se pod\u00eda pecar por errores pero no por dejar de hacer y tambi\u00e9n hice lo mismo con mis hijos. Tambi\u00e9n me hizo sentir el amor por Mendoza. Cuando vendi\u00f3 el supermercado me dijo que Mendoza le hab\u00eda dado mucho y empez\u00f3 en la Uni\u00f3n Industrial y trabajaba por la provincia desde otro lugar para devolver algo de todo lo que Mendoza le brind\u00f3. Por esa situaci\u00f3n atravieso hoy yo, estoy en la Bolsa de Comercio por eso. Me retir\u00e9 de la empresa y los dej\u00e9 a mis hijos por lo que mi padre me inculc\u00f3, no quer\u00eda opacarlos y eso me permite hacer cosas por Mendoza\u00bb.<\/p>\n<p><strong>Perfil<\/strong><\/p>\n<p><strong>Jorge P\u00e9rez Cuesta (61)<\/strong><\/p>\n<p>Est\u00e1 casado hace 36 a\u00f1os y tiene 4 hijos. Su negocio familiar, el Grupo P\u00e9rez Cuesta, cuenta con Cyssa (Construcciones y Servicios Sociedad An\u00f3nima) y Bodega y Vi\u00f1as de P\u00e9rez Cuesta. Se dedican al desarrollo de centros comerciales, barrios privados, habitacionales y otras empresas de menor importancia. Est\u00e1 m\u00e1s retirado de la empresa.<\/p>\n<p>\u201cAhora se ocupan m\u00e1s mis hijos Andr\u00e9s, Ignacio y mi hermano Gonzalo. Estoy en el directorio y de vez en cuando me preguntan algo\u201d.<\/p>\n","protected":false},"excerpt":{"rendered":"<p>El titular de la Bolsa de comercio y ProMendoza, afirma que hay que debatir, entre todos los sectores, la matriz productiva. Asegura que se avanz\u00f3 en otros mercados para no&#8230;<\/p>\n","protected":false},"author":1,"featured_media":8460,"comment_status":"closed","ping_status":"open","sticky":false,"template":"","format":"image","meta":[],"categories":[46],"tags":[],"_links":{"self":[{"href":"https:\/\/www.promendoza.com\/es\/wp-json\/wp\/v2\/posts\/8836"}],"collection":[{"href":"https:\/\/www.promendoza.com\/es\/wp-json\/wp\/v2\/posts"}],"about":[{"href":"https:\/\/www.promendoza.com\/es\/wp-json\/wp\/v2\/types\/post"}],"author":[{"embeddable":true,"href":"https:\/\/www.promendoza.com\/es\/wp-json\/wp\/v2\/users\/1"}],"replies":[{"embeddable":true,"href":"https:\/\/www.promendoza.com\/es\/wp-json\/wp\/v2\/comments?post=8836"}],"version-history":[{"count":0,"href":"https:\/\/www.promendoza.com\/es\/wp-json\/wp\/v2\/posts\/8836\/revisions"}],"wp:featuredmedia":[{"embeddable":true,"href":"https:\/\/www.promendoza.com\/es\/wp-json\/wp\/v2\/media\/8460"}],"wp:attachment":[{"href":"https:\/\/www.promendoza.com\/es\/wp-json\/wp\/v2\/media?parent=8836"}],"wp:term":[{"taxonomy":"category","embeddable":true,"href":"https:\/\/www.promendoza.com\/es\/wp-json\/wp\/v2\/categories?post=8836"},{"taxonomy":"post_tag","embeddable":true,"href":"https:\/\/www.promendoza.com\/es\/wp-json\/wp\/v2\/tags?post=8836"}],"curies":[{"name":"wp","href":"https:\/\/api.w.org\/{rel}","templated":true}]}}