{"id":8838,"date":"2017-06-11T12:53:45","date_gmt":"2017-06-11T15:53:45","guid":{"rendered":"http:\/\/promza-2017.binara.info\/?p=3926"},"modified":"2017-06-11T12:53:45","modified_gmt":"2017-06-11T15:53:45","slug":"firmas-locales-quieren-exportar-sus-marcas-mediante-franquicias","status":"publish","type":"post","link":"https:\/\/www.promendoza.com\/es\/firmas-locales-quieren-exportar-sus-marcas-mediante-franquicias\/","title":{"rendered":"Firmas locales quieren exportar sus marcas mediante franquicias"},"content":{"rendered":"<style type=\"text\/css\"><\/style><p><strong>Buscan desembarcar en mercados de Am\u00e9rica Latina. El cl\u00faster cuenta con el apoyo de ProMendoza. El objetivo es ampliar la matriz exportadora.<\/strong><\/p>\n<p>&nbsp;<\/p>\n<p>Empresas mendocinas buscar\u00e1n exportar sus modelos de negocio con el sistema de franquicias a los principales pa\u00edses de Latinoam\u00e9rica. Para ello, con la colaboraci\u00f3n de ProMendoza, han conformado recientemente un cl\u00faster para llevar adelante ese objetivo de manera conjunta.<\/p>\n<p>Este denominado \u00abFranquicias Mendoza\u00bb est\u00e1 conformado, por ahora, por cinco empresas. Entre ellas, est\u00e1n LedBanner, Bianco&#038;Nero, QULL Education, Brunna Accesorios y Tijeritas.<\/p>\n<p>Por medio de esta asociatividad \u00abel objetivo es poder viajar a ferias internacionales, llevar el know how de cada una, dirimir las oportunidades que hay en ese mercado, conocer a los consumidores y potenciales clientes y socios\u00bb, explic\u00f3 Nicol\u00e1s Suraci, coordinador del .<\/p>\n<p>En este marco, desde ProMendoza mencionaron que esto forma parte del objetivo de la entidad de ampliar la matriz exportadora de la provincia, teniendo un alto valor agregado. Sin dudas, \u00abel sector de franquicias es de suma importancia, ya que genera gran cantidad de empleo y crecimiento en t\u00e9rminos de aportes a la econom\u00eda regional\u00bb.<\/p>\n<p>Este nuevo grupo cuenta adem\u00e1s con el apoyo a nivel nacional de la Agencia Argentina de Inversiones y Comercio Internacional y la Fundaci\u00f3n ICBC.<\/p>\n<p>Para este a\u00f1o, se han planificado una serie de actividades y algunas ya se las empez\u00f3 a ejecutar, como es la participaci\u00f3n en la Feria Internacional de Bolivia, desarrollada en Santa Cruz de la Sierra a fines de abril. \u00abLas acciones contin\u00faan con una nueva visita a esa ciudad, a fin de reforzar los contactos realizados y desarrollar otros nuevos, desarrollo de rondas de negocios en Lima y Bogot\u00e1 y tambi\u00e9n la participaci\u00f3n en la feria de franquicias de Buenos Aires, esta \u00faltima una de las m\u00e1s grandes e importantes del sector en Latinoam\u00e9rica\u00bb, explic\u00f3 el coordinador de esta nueva asociatividad.<\/p>\n<p>A partir de este calendario definido para 2017, \u00ablas empresas comenzar\u00e1n a trabajar de manera concreta para exportar sus franquicias\u00bb, remarcaron desde ProMendoza.<\/p>\n<p><strong>Franquicias mendocinas<\/strong><\/p>\n<p>Actualmente en Mendoza hay un total de 30 franquicias. No obstante, por el momento el provincial est\u00e1 conformado solo por cinco empresas, que tienen en com\u00fan diversos puntos de expansi\u00f3n de sus negocios, trayectoria, experiencia, as\u00ed como apertura y sinceridad en la estrategia del negocio.<\/p>\n<p>Es que seg\u00fan indicaron los empresarios, la idea en esta primera etapa es que se vayan sumando algunas empresas que compartan estos puntos, aunque se limitar\u00e1 el ingreso a aquellos negocios de iguales caracter\u00edsticas.<\/p>\n<p>\u00abLa idea es que o se choquen iguales sectores. Pero adem\u00e1s, en este nuevo espacio todos tenemos que abrir y \u2018desnudar\u2019 el negocio, por lo tanto, a la hora de ingresar no hay que ser colaborativos y no competitivos y de recelos\u00bb, remarc\u00f3 Roberto Ag\u00fcero, de la empresa Bianco &#038; Nero. Adem\u00e1s, indic\u00f3 que \u00aben este nuevo camino el trabajo en equipo es mucho m\u00e1s f\u00e1cil y es la manera de crecer en el mercado internacional, si lo hacemos individualmente es m\u00e1s complicado, y para algunas peque\u00f1as empresa, hasta imposible\u00bb.<\/p>\n<p>Una de las compa\u00f1\u00edas es Ledbanner, la cual ofrece dispositivos de pantallas digitales que entretiene, informa y educa a p\u00fablicos en situaci\u00f3n de espera y en circulaci\u00f3n. El sistema permite exhibir anuncios publicitarios de alto impacto, perteneciendo a un circuito indoor.<\/p>\n<p>Seg\u00fan cont\u00f3 Gustavo Marti, director Comercial de la compa\u00f1\u00eda, la empresa actualmente est\u00e1 en 30 sitios de Mendoza y ya tiene una primera aproximaci\u00f3n con Bolivia, luego de participar en la primera feria con el .<\/p>\n<p>\u00abEl objetivo es exportar el know how, con las especificaciones del negocio y la tecnolog\u00eda que utilizamos, en cuanto a pantallas y dispositivos. Luego, en lo que respecta al sistema de administraci\u00f3n, el mismo seguir\u00e1 funcionando desde la provincia en nuestra oficina central\u00bb, mencion\u00f3 el empresario.<\/p>\n<p>La otra empresa es Qull Education, que desde hace 15 a\u00f1os se encuentran en el mercado educativo estil\u00edstico. Seg\u00fan mencionaron los empresarios de esta marca en todos lados del pa\u00eds y de Latinoam\u00e9rica, la educaci\u00f3n es muy informal, por lo tanto \u00abeste es un sistema revolucionario de ense\u00f1anza. Para ello, nuestros educadores han sido altamente capacitados por figuras de gran trascendencia nacional e internacional\u00bb.<\/p>\n<p>De esta manera, \u00abcreamos el primer m\u00e9todo arquitect\u00f3nico que permite incorporar conocimientos tradicionales y vanguardistas en un entorno did\u00e1ctico y creativo\u00bb. Actualmente, Qull est\u00e1 en Neuqu\u00e9n y buscan despegar a nivel internacional.<\/p>\n<p>Brunna Accesorios es otra de las compa\u00f1\u00edas, la cual con m\u00e1s de 45 a\u00f1os en el mercado, se dedica a fabricar y comercializar los mejores productos de bijouterie y accesorios para la mujer.<\/p>\n<p>\u00abNos diferenciamos por tener nuestro propio dise\u00f1o marcando tendencias en el mercado; utilizando insumos de primera calidad que garantizan elegancia y durabilidad\u00bb, cont\u00f3 Pablo Sosa, gerente Comercial de la empresa, que actualmente tiene 4 locales propios en la provincia y uno en Mendoza.<\/p>\n<p>Bianco &#038; Nero es otra de las empresas de este de franquicias. La compa\u00f1\u00eda, desde 1992 se especializa en chocolater\u00eda, pasteler\u00eda, helader\u00eda y panificaci\u00f3n de alta calidad en Mendoza, con alta inclusi\u00f3n social, en donde la misi\u00f3n es producir alimentos sanos y placenteros para compartir y disfrutar junto a quienes m\u00e1s queremos.<\/p>\n<p>Roberto Ag\u00fcero cont\u00f3 que tienen en total 7 franquicias, 2 locales propios y una f\u00e1brica en Salta desde hace 6 a\u00f1os. \u00c9sta \u00faltima, seg\u00fan indic\u00f3 el emprendedor, se localiz\u00f3 con el objetivo de proveer mercader\u00eda al sector hotelero y gastron\u00f3mico de la provincia, as\u00ed como tambi\u00e9n \u00abcon la idea de desarrollar el modelo de negocio fuera de la provincia y probar si pod\u00eda funcionar. Situaci\u00f3n que comprobamos y corroboramos, y de este modo, sabemos que podemos exportar el modelo\u00bb, remarc\u00f3 Ag\u00fcero.<\/p>\n<p>Finalmente, Tijeritas, salones de peluquer\u00eda infantil, es la tercera empresa que forma parte del Cluster. La marca, cuenta en total con 3 locales propios y 8 franquicias. Seg\u00fan indic\u00f3 Carolina Pessotti, general Manager de la empresa, desde que comenz\u00f3 el modelo de negocio fue mutando y hoy est\u00e1n desarrollando el modelo bajo el concepto de ecolog\u00eda y tecnolog\u00eda.<\/p>\n<p>\u00abBuscamos lograr un estilo visual de marca propio, diferente a la media. Para aumentar la rentabilidad en los salones se ofrecen productos como: juguetes, libros, fragancias, golosinas, etc. y la idea es seguir por este camino y ampliar la oferta\u00bb. Bajo este sistema, \u00abla idea es poder internacionalizar la marca y crecer fuera de las fronteras\u00bb.<\/p>\n","protected":false},"excerpt":{"rendered":"<p>Buscan desembarcar en mercados de Am\u00e9rica Latina. El cl\u00faster cuenta con el apoyo de ProMendoza. El objetivo es ampliar la matriz exportadora. &nbsp; Empresas mendocinas buscar\u00e1n exportar sus modelos de&#8230;<\/p>\n","protected":false},"author":1,"featured_media":8465,"comment_status":"closed","ping_status":"open","sticky":false,"template":"","format":"image","meta":[],"categories":[3],"tags":[],"_links":{"self":[{"href":"https:\/\/www.promendoza.com\/es\/wp-json\/wp\/v2\/posts\/8838"}],"collection":[{"href":"https:\/\/www.promendoza.com\/es\/wp-json\/wp\/v2\/posts"}],"about":[{"href":"https:\/\/www.promendoza.com\/es\/wp-json\/wp\/v2\/types\/post"}],"author":[{"embeddable":true,"href":"https:\/\/www.promendoza.com\/es\/wp-json\/wp\/v2\/users\/1"}],"replies":[{"embeddable":true,"href":"https:\/\/www.promendoza.com\/es\/wp-json\/wp\/v2\/comments?post=8838"}],"version-history":[{"count":0,"href":"https:\/\/www.promendoza.com\/es\/wp-json\/wp\/v2\/posts\/8838\/revisions"}],"wp:featuredmedia":[{"embeddable":true,"href":"https:\/\/www.promendoza.com\/es\/wp-json\/wp\/v2\/media\/8465"}],"wp:attachment":[{"href":"https:\/\/www.promendoza.com\/es\/wp-json\/wp\/v2\/media?parent=8838"}],"wp:term":[{"taxonomy":"category","embeddable":true,"href":"https:\/\/www.promendoza.com\/es\/wp-json\/wp\/v2\/categories?post=8838"},{"taxonomy":"post_tag","embeddable":true,"href":"https:\/\/www.promendoza.com\/es\/wp-json\/wp\/v2\/tags?post=8838"}],"curies":[{"name":"wp","href":"https:\/\/api.w.org\/{rel}","templated":true}]}}