{"id":8843,"date":"2017-07-06T13:16:06","date_gmt":"2017-07-06T16:16:06","guid":{"rendered":"http:\/\/www.promendoza.com\/?p=4038"},"modified":"2017-07-06T13:16:06","modified_gmt":"2017-07-06T16:16:06","slug":"convocatoria-para-seleccion-de-consultores-externos-programa-nex","status":"publish","type":"post","link":"https:\/\/www.promendoza.com\/es\/convocatoria-para-seleccion-de-consultores-externos-programa-nex\/","title":{"rendered":"CONVOCATORIA PARA SELECCI\u00d3N DE CONSULTORES EXTERNOS \u2013 PROGRAMA NEX"},"content":{"rendered":"<style type=\"text\/css\"><\/style><h4>ProMendoza abre el plazo para la presentaci\u00f3n de candidaturas para la selecci\u00f3n de consultores externos de su programa Desarrollo de Nuevos Exportadores (NEX).\u00a0A este procedimiento podr\u00e1n presentarse las profesionales que cumplan los requisitos indicados en la convocatoria.<\/h4>\n<h5>Funciones del tutor:<\/h5>\n<p>\u2022 Asesorar a empresas Pyme mendocinas en materia de comercio exterior y colaborar con su desarrollo internacional.<\/p>\n<h5>Los postulantes deber\u00e1n reunir los siguientes requisitos:<\/h5>\n<p>\u2022 Profesional de Comercio Internacional o carreras afines.<br \/>\n\u2022 T\u00edtulo de grado universitario.<br \/>\n\u2022 Experiencia laboral<br \/>\n\u2022 Conocimiento y\/o experiencia en comercio exterior.<br \/>\n\u2022 Demostrar conocimientos y experiencia sectorial y espec\u00edfica en comercio internacional: Desarrollo comercial, Marketing Internacional, Estudios de mercado, Medios de Pagos Internacionales, Log\u00edstica de exportaci\u00f3n, Contacto con canales de distribuci\u00f3n, operatoria del comercio exterior, etc.<br \/>\n\u2022 Iniciativa necesaria: Proactividad, visi\u00f3n de largo plazo, perfil comercial, adecuada capacidad de expresi\u00f3n escrita.<\/p>\n<h5>Modalidad de trabajo:<\/h5>\n<p>\u2022 Part time (20 horas semanales)<br \/>\n\u2022 Honorarios: por locaci\u00f3n de servicios, para lo cual debe facturar, siendo necesario estar inscripto (monotributo o responsable inscripto).<br \/>\n\u2022 Se podr\u00e1n asesorar un m\u00e1ximo de 2 empresas por profesional.<\/p>\n<h5>Los Interesados pueden comunicarse con:<\/h5>\n<p>Gustavo Calandra<br \/>\n(0261) 4054700<br \/>\nnex@promendoza.com<\/p>\n","protected":false},"excerpt":{"rendered":"<p>ProMendoza abre el plazo para la presentaci\u00f3n de candidaturas para la selecci\u00f3n de consultores externos de su programa Desarrollo de Nuevos Exportadores (NEX).\u00a0A este procedimiento podr\u00e1n presentarse las profesionales que&#8230;<\/p>\n","protected":false},"author":1,"featured_media":8481,"comment_status":"closed","ping_status":"open","sticky":false,"template":"","format":"image","meta":[],"categories":[3],"tags":[],"_links":{"self":[{"href":"https:\/\/www.promendoza.com\/es\/wp-json\/wp\/v2\/posts\/8843"}],"collection":[{"href":"https:\/\/www.promendoza.com\/es\/wp-json\/wp\/v2\/posts"}],"about":[{"href":"https:\/\/www.promendoza.com\/es\/wp-json\/wp\/v2\/types\/post"}],"author":[{"embeddable":true,"href":"https:\/\/www.promendoza.com\/es\/wp-json\/wp\/v2\/users\/1"}],"replies":[{"embeddable":true,"href":"https:\/\/www.promendoza.com\/es\/wp-json\/wp\/v2\/comments?post=8843"}],"version-history":[{"count":0,"href":"https:\/\/www.promendoza.com\/es\/wp-json\/wp\/v2\/posts\/8843\/revisions"}],"wp:featuredmedia":[{"embeddable":true,"href":"https:\/\/www.promendoza.com\/es\/wp-json\/wp\/v2\/media\/8481"}],"wp:attachment":[{"href":"https:\/\/www.promendoza.com\/es\/wp-json\/wp\/v2\/media?parent=8843"}],"wp:term":[{"taxonomy":"category","embeddable":true,"href":"https:\/\/www.promendoza.com\/es\/wp-json\/wp\/v2\/categories?post=8843"},{"taxonomy":"post_tag","embeddable":true,"href":"https:\/\/www.promendoza.com\/es\/wp-json\/wp\/v2\/tags?post=8843"}],"curies":[{"name":"wp","href":"https:\/\/api.w.org\/{rel}","templated":true}]}}