{"id":8856,"date":"2017-09-06T09:52:25","date_gmt":"2017-09-06T12:52:25","guid":{"rendered":"http:\/\/www.promendoza.com\/?p=4416"},"modified":"2017-09-06T09:52:25","modified_gmt":"2017-09-06T12:52:25","slug":"mendoza-apunta-a-desarrollar-negocios-con-panama-y-honduras","status":"publish","type":"post","link":"https:\/\/www.promendoza.com\/es\/mendoza-apunta-a-desarrollar-negocios-con-panama-y-honduras\/","title":{"rendered":"Mendoza apunta a desarrollar negocios con Panam\u00e1 y Honduras"},"content":{"rendered":"<style type=\"text\/css\"><\/style><p><img loading=\"lazy\" class=\"alignnone size-full wp-image-4366\" src=\"http:\/\/www.promendoza.com\/wp-content\/uploads\/2017\/08\/honduras.jpg\" alt=\"\" width=\"700\" height=\"394\" \/><\/p>\n<p>En noviembre pr\u00f3ximo, empresarios viajar\u00e1n junto a ProMendoza a Panam\u00e1 y Honduras para realizar negocios.<br \/>\nEn preparaci\u00f3n para dicha misi\u00f3n, los Embajadores de ambos pa\u00edses disertar\u00e1n sobre sus propios mercados y explicar\u00e1n c\u00f3mo realizar intercambios comerciales con dichos estados.<br \/>\nLa cita es el pr\u00f3ximo martes, en La Enoteca, a las 15.30. All\u00ed el gerente de ProMendoza, Fernando Urdaniz, explicar\u00e1 los detalles de la Misi\u00f3n, para luego darle paso a la Embajadora de Honduras, Ivonne Bonilla de Diaz y al Embajador de Panam\u00e1, Dionisio de Gracia Guill\u00e9n.<br \/>\nAdem\u00e1s la gerente de Ventas de COPA Airlines, Lorena Gasser, presentar\u00e1 el vuelo directo Mendoza Panam\u00e1 que se inaugurar\u00e1 pr\u00f3ximamente.<br \/>\nActualmente, alrededor de 5 millones se exporta anualmente a ambos pa\u00edses, de los cuales el 80% es vinos y el resto conservas, aceitunas y pastas de frutas.<br \/>\nPara mayor informaci\u00f3n comunicarse con Carolina Su\u00e1rez Garc\u00e9s institucional@promendoza.com (0261) 4054700.<br \/>\nSe ruega colaborar con una caja de leche que ser\u00e1 donada a CONIN.<\/p>\n","protected":false},"excerpt":{"rendered":"<p>En noviembre pr\u00f3ximo, empresarios viajar\u00e1n junto a ProMendoza a Panam\u00e1 y Honduras para realizar negocios. En preparaci\u00f3n para dicha misi\u00f3n, los Embajadores de ambos pa\u00edses disertar\u00e1n sobre sus propios mercados&#8230;<\/p>\n","protected":false},"author":1,"featured_media":8507,"comment_status":"closed","ping_status":"open","sticky":false,"template":"","format":"image","meta":[],"categories":[52],"tags":[],"_links":{"self":[{"href":"https:\/\/www.promendoza.com\/es\/wp-json\/wp\/v2\/posts\/8856"}],"collection":[{"href":"https:\/\/www.promendoza.com\/es\/wp-json\/wp\/v2\/posts"}],"about":[{"href":"https:\/\/www.promendoza.com\/es\/wp-json\/wp\/v2\/types\/post"}],"author":[{"embeddable":true,"href":"https:\/\/www.promendoza.com\/es\/wp-json\/wp\/v2\/users\/1"}],"replies":[{"embeddable":true,"href":"https:\/\/www.promendoza.com\/es\/wp-json\/wp\/v2\/comments?post=8856"}],"version-history":[{"count":0,"href":"https:\/\/www.promendoza.com\/es\/wp-json\/wp\/v2\/posts\/8856\/revisions"}],"wp:featuredmedia":[{"embeddable":true,"href":"https:\/\/www.promendoza.com\/es\/wp-json\/wp\/v2\/media\/8507"}],"wp:attachment":[{"href":"https:\/\/www.promendoza.com\/es\/wp-json\/wp\/v2\/media?parent=8856"}],"wp:term":[{"taxonomy":"category","embeddable":true,"href":"https:\/\/www.promendoza.com\/es\/wp-json\/wp\/v2\/categories?post=8856"},{"taxonomy":"post_tag","embeddable":true,"href":"https:\/\/www.promendoza.com\/es\/wp-json\/wp\/v2\/tags?post=8856"}],"curies":[{"name":"wp","href":"https:\/\/api.w.org\/{rel}","templated":true}]}}