{"id":8866,"date":"2019-04-01T11:03:10","date_gmt":"2019-04-01T14:03:10","guid":{"rendered":"https:\/\/www.promendoza.com\/?p=6377"},"modified":"2019-04-01T11:03:10","modified_gmt":"2019-04-01T14:03:10","slug":"con-charlas-y-rondas-de-negocios-llega-expo-franquicias-cuyo","status":"publish","type":"post","link":"https:\/\/www.promendoza.com\/es\/con-charlas-y-rondas-de-negocios-llega-expo-franquicias-cuyo\/","title":{"rendered":"Con charlas y rondas de negocios llega \u201cExpo Franquicias Cuyo\u201d"},"content":{"rendered":"<style type=\"text\/css\"><\/style><h5>Despu\u00e9s del \u00e9xito de la Expo Franquicias Cuyo 2018, donde se posicion\u00f3 como la quinta plaza m\u00e1s importante de este tipo de exposiciones del sector en Sudam\u00e9rica, por su magnitud tanto en cantidad de stands como de visitantes, llega la Segunda Edici\u00f3n de la Expo Franquicias Cuyo.<\/h5>\n<p>El evento se realizar\u00e1 el pr\u00f3ximo 9 y 10 de Abril de 2019 en la Nave Cultural. En esta nueva sede hay mejores espacios para expositores, salas de conferencias m\u00e1s c\u00f3modas e inclusive espacios abiertos con servicio de catering con food track.<\/p>\n<p>La organizaci\u00f3n se encuentra a cargo de Suraci International Business, empresa mendocina enfocada en el desarrollo de negocios internacionales con m\u00e1s de 12 a\u00f1os de experiencia en el sector, y Franchising Advisors, consultora especializada en franquicias con m\u00e1s de 30 a\u00f1os de trayectoria. Adem\u00e1s cuenta con el apoyo de la C\u00e1mara de Comercio y Franquicias de la Ciudad de Mendoza, la Asociaci\u00f3n Argentina de Marcas y Franquicias, la Municipalidad de la Ciudad de Mendoza y Fundaci\u00f3n Promendoza.<\/p>\n<p>\u201cEn esta segunda edici\u00f3n esperamos contar con m\u00e1s de 50 expositores, y la particularidad que tambi\u00e9n tendremos presencia internacional con empresas y consultoras provenientes de Per\u00fa y Uruguay\u201d, asegur\u00f3 Nicol\u00e1s Suraci, Director de Suraci International Business, qui\u00e9n adem\u00e1s desmitific\u00f3 lo que muchos creen sobre las franquicias que solamente son de gastronom\u00eda o indumentaria y que se necesita grandes sumas de inversiones para poder comenzar su propio negocio: \u201calrededor de 60 modelos de franquicias est\u00e1n trabajando en Mendoza: tecnolog\u00eda, servicios, tabaquer\u00eda, cerveza artesanal, nanotecnolog\u00eda y modelos innovadores\u201d, adelant\u00f3.<\/p>\n<p>Adem\u00e1s, Suraci convoc\u00f3 a todos los interesados en desarrollar un emprendimiento porque, a pesar del contexto dif\u00edcil, hay una gran oferta de franquicias que se pueden empezar con una inversi\u00f3n m\u00ednima. \u201cApuntamos que los visitantes de todo Cuyo tengan una amplia oferta, y puedan conocer modelos de negocios alcanzables para emprender con inversi\u00f3n m\u00ednima, f\u00e1cil operaci\u00f3n y buena rentabilidad, permitiendo desarrollar negocios sustentables\u201d, finaliz\u00f3<\/p>\n<p>Por su parte, Jorge Bliman, de Franchising Advisors, destac\u00f3 que \u201cesta segunda Expo viene con grandes expectativas tanto de las empresas mendocinas que exponen como de quienes nos visitan de otras provincias y del extranjero, porque ven a Mendoza como una gran plaza para el desarrollo de este modelo de negocios\u201d. Es que \u201clas mejores pr\u00e1cticas comerciales e industriales est\u00e1n volc\u00e1ndose a estos sistemas de redes, dentro de los cuales las franquicias son los mecanismos de asociatividad m\u00e1s expansivos, de modo tal que se espera una gran afluencia de p\u00fablico, tanto interesados en las marcas locales como nacionales y extranjeras que estar\u00e1n participando\u201d, agreg\u00f3 Bliman.<\/p>\n<p>La Expo incluye un ciclo de Seminarios de Capacitaci\u00f3n, Actualizaci\u00f3n y emprendimiento, en donde se desarrollar\u00e1n distintas tem\u00e1ticas con especialistas, expertos y representantes de marcas exitosas que compartir\u00e1n su experiencia. A las charlas se puede acceder con el pago de una \u00fanica entrada.<\/p>\n<p>Adem\u00e1s se realizar\u00e1, por primera vez, en conjunto con Fundaci\u00f3n ProMendoza, una ronda de negocios con inversores de Per\u00fa y Uruguay que vienen a buscar negocios para llevarlos a sus pa\u00edses. La actividad apunta a la expansi\u00f3n internacional de las marcas locales.<\/p>\n","protected":false},"excerpt":{"rendered":"<p>Despu\u00e9s del \u00e9xito de la Expo Franquicias Cuyo 2018, donde se posicion\u00f3 como la quinta plaza m\u00e1s importante de este tipo de exposiciones del sector en Sudam\u00e9rica, por su magnitud&#8230;<\/p>\n","protected":false},"author":1,"featured_media":8798,"comment_status":"closed","ping_status":"open","sticky":false,"template":"","format":"image","meta":[],"categories":[3],"tags":[],"_links":{"self":[{"href":"https:\/\/www.promendoza.com\/es\/wp-json\/wp\/v2\/posts\/8866"}],"collection":[{"href":"https:\/\/www.promendoza.com\/es\/wp-json\/wp\/v2\/posts"}],"about":[{"href":"https:\/\/www.promendoza.com\/es\/wp-json\/wp\/v2\/types\/post"}],"author":[{"embeddable":true,"href":"https:\/\/www.promendoza.com\/es\/wp-json\/wp\/v2\/users\/1"}],"replies":[{"embeddable":true,"href":"https:\/\/www.promendoza.com\/es\/wp-json\/wp\/v2\/comments?post=8866"}],"version-history":[{"count":0,"href":"https:\/\/www.promendoza.com\/es\/wp-json\/wp\/v2\/posts\/8866\/revisions"}],"wp:featuredmedia":[{"embeddable":true,"href":"https:\/\/www.promendoza.com\/es\/wp-json\/wp\/v2\/media\/8798"}],"wp:attachment":[{"href":"https:\/\/www.promendoza.com\/es\/wp-json\/wp\/v2\/media?parent=8866"}],"wp:term":[{"taxonomy":"category","embeddable":true,"href":"https:\/\/www.promendoza.com\/es\/wp-json\/wp\/v2\/categories?post=8866"},{"taxonomy":"post_tag","embeddable":true,"href":"https:\/\/www.promendoza.com\/es\/wp-json\/wp\/v2\/tags?post=8866"}],"curies":[{"name":"wp","href":"https:\/\/api.w.org\/{rel}","templated":true}]}}