{"id":8870,"date":"2019-04-29T11:43:49","date_gmt":"2019-04-29T14:43:49","guid":{"rendered":"https:\/\/www.promendoza.com\/?p=6449"},"modified":"2019-04-29T11:43:49","modified_gmt":"2019-04-29T14:43:49","slug":"daniel-ariosto-asumio-al-frente-de-promendoza","status":"publish","type":"post","link":"https:\/\/www.promendoza.com\/es\/daniel-ariosto-asumio-al-frente-de-promendoza\/","title":{"rendered":"Daniel Ariosto asumi\u00f3 al frente de ProMendoza"},"content":{"rendered":"<style type=\"text\/css\"><\/style><h5>La c\u00e1mara de promoci\u00f3n empresaria realiz\u00f3 su renovaci\u00f3n anual de autoridades y el titular de UCIM fue designado como presidente. Kerchner ser\u00e1 el representante del Gobierno provincial como vicepresidente.<\/h5>\n<p>Como cada a\u00f1o la Fundaci\u00f3n ProMendoza renov\u00f3 sus autoridades, cuya presidencia ser\u00e1 ejercida por el presidente de la Uni\u00f3n Comercial e Industrial de Mendoza (UCIM), Daniel Ariosto.<\/p>\n<p>Ariosto es el presidente de la Asociaci\u00f3n de Hoteleros de la provincia y dirige UCIM desde 2012. En su discurso de bienvenida, el dirigente empresario destac\u00f3 la importancia del trabajo que se realiza en ProMendoza en materia de exportaciones y la conveniencia de hacer llegar el mensaje y su trabajo a toda la sociedad mendocina.<\/p>\n<p>Adem\u00e1s destac\u00f3 que autoridades nacionales reconocen a la instituci\u00f3n como referente por su trabajo constante en la ayuda de internacionalizaci\u00f3n de las empresas en el interior de la Argentina.<\/p>\n<p>Por su parte, el presidente Alberto Carletti agradeci\u00f3 el trabajo conjunto con el personal y el resto de las autoridades y destac\u00f3 el esfuerzo constante de quienes trabajan por las exportaciones de Mendoza.<\/p>\n<p>Nueva n\u00f3mina de autoridades<\/p>\n<p>Cabe destacar que por Estatuto, ProMendoza renueva su presidencia cada a\u00f1o y dicha renovaci\u00f3n se realiza de manera alternada y rotativa entre las entidades socias fundadoras. El fin de esa rotaci\u00f3n se realiza para asegurar la participaci\u00f3n institucional entre el sector p\u00fablico privado.<\/p>\n<p>Presidente: Daniel Ariosto por la Uni\u00f3n Comercial e Industrial de Mendoza<\/p>\n<p>Vicepresidente 1\u00ba: Pedro Mart\u00edn Kerchner del Gobierno de Mendoza<\/p>\n<p>Vicepresidente 2\u00ba: Jorge P\u00e9rez Cuesta, de la Bolsa de Comercio.<\/p>\n<p>Vicepresidente 3\u00ba: Alberto Carletti por la Federaci\u00f3n Econ\u00f3mica de Mendoza<\/p>\n<p>Secretario General: David Crocco de Bolsa de Comercio de Mendoza<\/p>\n<p>Tesorero: Domingo Francchetti de Federaci\u00f3n Econ\u00f3mica de Mendoza<\/p>\n<p>Pro-Tesorero: Sergio Daniel Moralejo de Gobierno de Mendoza<\/p>\n<p>Vocal: Juan Enrique Viciana de Uni\u00f3n Comercial e Industrial de Mendoza<\/p>\n","protected":false},"excerpt":{"rendered":"<p>La c\u00e1mara de promoci\u00f3n empresaria realiz\u00f3 su renovaci\u00f3n anual de autoridades y el titular de UCIM fue designado como presidente. Kerchner ser\u00e1 el representante del Gobierno provincial como vicepresidente. Como&#8230;<\/p>\n","protected":false},"author":1,"featured_media":8815,"comment_status":"closed","ping_status":"open","sticky":false,"template":"","format":"image","meta":[],"categories":[54],"tags":[],"_links":{"self":[{"href":"https:\/\/www.promendoza.com\/es\/wp-json\/wp\/v2\/posts\/8870"}],"collection":[{"href":"https:\/\/www.promendoza.com\/es\/wp-json\/wp\/v2\/posts"}],"about":[{"href":"https:\/\/www.promendoza.com\/es\/wp-json\/wp\/v2\/types\/post"}],"author":[{"embeddable":true,"href":"https:\/\/www.promendoza.com\/es\/wp-json\/wp\/v2\/users\/1"}],"replies":[{"embeddable":true,"href":"https:\/\/www.promendoza.com\/es\/wp-json\/wp\/v2\/comments?post=8870"}],"version-history":[{"count":0,"href":"https:\/\/www.promendoza.com\/es\/wp-json\/wp\/v2\/posts\/8870\/revisions"}],"wp:featuredmedia":[{"embeddable":true,"href":"https:\/\/www.promendoza.com\/es\/wp-json\/wp\/v2\/media\/8815"}],"wp:attachment":[{"href":"https:\/\/www.promendoza.com\/es\/wp-json\/wp\/v2\/media?parent=8870"}],"wp:term":[{"taxonomy":"category","embeddable":true,"href":"https:\/\/www.promendoza.com\/es\/wp-json\/wp\/v2\/categories?post=8870"},{"taxonomy":"post_tag","embeddable":true,"href":"https:\/\/www.promendoza.com\/es\/wp-json\/wp\/v2\/tags?post=8870"}],"curies":[{"name":"wp","href":"https:\/\/api.w.org\/{rel}","templated":true}]}}