{"id":8924,"date":"2019-05-22T12:44:18","date_gmt":"2019-05-22T12:44:18","guid":{"rendered":"https:\/\/www.promendoza.com\/?p=8924"},"modified":"2019-05-27T12:55:12","modified_gmt":"2019-05-27T12:55:12","slug":"seminario-pyme-como-crear-un-negocio-en-tiempos-de-crisis","status":"publish","type":"post","link":"https:\/\/www.promendoza.com\/es\/seminario-pyme-como-crear-un-negocio-en-tiempos-de-crisis\/","title":{"rendered":"Seminario pyme: c\u00f3mo crear un negocio en tiempos de crisis"},"content":{"rendered":"<style type=\"text\/css\"><\/style><h2>El evento organizado por El Cronista y diario Los Andes cont\u00f3 con cinco paneles compuestos por economistas, empresarios y funcionarios.<\/h2>\n<p>&nbsp;<\/p>\n<p><strong>Argentina asumi\u00f3 un compromiso, tom\u00f3 una deuda y deber\u00e1 afrontar los t\u00e9rminos del Fondo Monetario Internacional sin importar qui\u00e9n gane las pr\u00f3ximas elecciones.\u00a0<\/strong>Ese fue el marco en el que transcurri\u00f3 el\u00a0<strong>encuentro Pymes Mendoza<\/strong>, del que participaron\u00a0<strong>m\u00e1s de 600 emprendedores\u00a0<\/strong>y en el que expusieron economistas, funcionarios del gobierno provincial y empresarios de \u00e9xito.<\/p>\n<p><strong>\u201cEmprender y ser exitoso\u201d<\/strong>\u00a0fue el objetivo propuesto por el encuentro que organiz\u00f3 diario<strong>\u00a0El Cronista<\/strong>, junto a<strong>\u00a0Los Andes<\/strong>, y en el que\u00a0<strong>se presentaron lineamientos y herramientas para la toma de decisiones.\u00a0<\/strong>No se desatendi\u00f3 la coyuntura en la que vivimos, con las particularidades de todo a\u00f1o electoral.<\/p>\n<p>El evento se organiz\u00f3 por paneles en los que se trataron los temas desde la \u00f3ptica empresarial. El\u00a0<strong>moderador fue Hern\u00e1n de Go\u00f1i, director period\u00edstico de El Cronista.<\/strong><\/p>\n<h3><strong>Escenario provincial<\/strong><\/h3>\n<p>El primer panel, denominado\u00a0<strong>\u201cEconom\u00eda, coyuntura y perspectivas. Posibilidades de inversi\u00f3n\u201d<\/strong>, estuvo a cargo del\u00a0<strong>ministro de Econom\u00eda de la provincia, Mart\u00edn Kerchner<\/strong>, quien se refiri\u00f3 a los<strong>\u00a0lineamientos que sigui\u00f3 el gobierno mendocino para promover inversiones<\/strong>, tales como las dos ediciones del Bono Fiscal (t\u00edtulos para el pago de Ingresos Brutos a cambio de inversiones y generaci\u00f3n de empleo). El funcionario se\u00f1al\u00f3 que la administraci\u00f3n de Cornejo achic\u00f3 el Estado en busca del \u201cc\u00e1liz de los c\u00e1lices: el equilibrio fiscal\u201d.<\/p>\n<p>A su turno, el<strong>\u00a0vicepresidente de Industria de la Federaci\u00f3n Econ\u00f3mica de Mendoza, Domingo Franchetti<\/strong>, apunt\u00f3 a la\u00a0<strong>necesidad de diversificar la matriz productiva.\u00a0<\/strong>\u201cHay una pregunta que subyace y es de qu\u00e9 va a vivir Mendoza en el futuro: hidrocarburos, miner\u00eda, tecnolog\u00eda, innovaci\u00f3n\u201d enumer\u00f3. \u201cTodos los sectores necesitar\u00e1n de una menor presi\u00f3n fiscal y de pol\u00edticas que se mantengan en el mediano y el largo plazo\u201d, agreg\u00f3.<\/p>\n<div class=\"row peperito general article-box no-margin-sides\">\n<div class=\"col-xs-24 no-padding-sides\"><\/div>\n<\/div>\n<p>A su turno, el<strong>\u00a0CEO de Analytica, Rodrigo \u00c1lvarez<\/strong>, hizo referencia al futuro del pa\u00eds y consider\u00f3 que \u201ca partir de 2022 Argentina tendr\u00e1 un Everest de vencimiento de deuda y el FMI va a pedir un super\u00e1vit m\u00e1s alto que requerir\u00e1 recortar gastos e ir al hueso del ajuste: una reforma laboral\u201d. En este marco, consider\u00f3 que para atraer inversiones y crecer,\u00a0<strong>har\u00e1 falta \u201cuna coalici\u00f3n pol\u00edtica, gane quien gane\u201d<\/strong>.<\/p>\n<p><a href=\"https:\/\/www.promendoza.com\/wp-content\/uploads\/2019\/05\/image5ce4b75e3676b.jpg\"><img loading=\"lazy\" class=\"alignright wp-image-8926 \" src=\"https:\/\/www.promendoza.com\/wp-content\/uploads\/2019\/05\/image5ce4b75e3676b.jpg\" alt=\"\" width=\"591\" height=\"393\" srcset=\"https:\/\/www.promendoza.com\/wp-content\/uploads\/2019\/05\/image5ce4b75e3676b.jpg 850w, https:\/\/www.promendoza.com\/wp-content\/uploads\/2019\/05\/image5ce4b75e3676b-300x200.jpg 300w, https:\/\/www.promendoza.com\/wp-content\/uploads\/2019\/05\/image5ce4b75e3676b-768x511.jpg 768w, https:\/\/www.promendoza.com\/wp-content\/uploads\/2019\/05\/image5ce4b75e3676b-580x386.jpg 580w, https:\/\/www.promendoza.com\/wp-content\/uploads\/2019\/05\/image5ce4b75e3676b-820x546.jpg 820w\" sizes=\"(max-width: 591px) 100vw, 591px\" \/><\/a><\/p>\n<h3><strong>Emprender y expandirse<\/strong><\/h3>\n<p>El segundo panel se refiri\u00f3 a la<strong>\u00a0necesidad que tiene la Argentina de expandirse al mundo y comerciar con \u00e9l.\u00a0<\/strong>En este marco, el\u00a0<strong>director general de DNI consultores, Marcelo Elizondo<\/strong>, consider\u00f3 que\u00a0<strong>debemos cambiar el concepto de mercados por el de \u201ccadenas internacionales de valor\u201d<\/strong>\u00a0o \u201calianzas entre empresas que no operan bajo la l\u00f3gica de compra venta, sino de proyectar decisiones estrat\u00e9gicas conjuntas hacia el futuro\u201d.<\/p>\n<p>La visi\u00f3n del analista se complet\u00f3 con un fen\u00f3meno que ya est\u00e1 ocurriendo en el mundo. Se trata de la revisi\u00f3n de viejas estructuras de comercio como la\u00a0<strong>Uni\u00f3n Europea<\/strong>, o a nivel local el\u00a0<strong>Mercosur<\/strong>.<\/p>\n<p>En concreto para Mendoza,\u00a0<strong>Mario L\u00e1zzaro, director ejecutivo de ProMendoza\u00a0<\/strong>se\u00f1al\u00f3 que\u00a0<strong>programas como PyME Exporta, NEX (nuevos exportadores) y las plataformas log\u00edsticas que se organizan desde el gobierno est\u00e1n a disposici\u00f3n\u00a0<\/strong>para que los emprendedores acorten fronteras y puedan integrarse a dichas \u201ccadenas de valor\u201d a menor costo. Tambi\u00e9n la presidenta de GEMA, Delia Flores, resalt\u00f3 la importancia de la participaci\u00f3n de los emprendedores en ferias, como \u201cvidrieras al mundo\u201d.<\/p>\n<p>El tercer panel estuvo a cargo de los\u00a0<strong>economistas Jos\u00e9 Mar\u00eda Segura de PwC Argentina y Gustavo Reyes de Ieral para la Regi\u00f3n Cuyo.\u00a0<\/strong>Los expertos hablaron de los posibles\u00a0<strong>\u201cescenarios post crisis\u201d<\/strong>. Ambos coincidieron en que el pr\u00f3ximo gobierno tendr\u00e1 que estabilizar la econom\u00eda, reducir tasas de inter\u00e9s y desacelerar la inflaci\u00f3n.<\/p>\n<p>\u201cLos riesgos que ten\u00eda la econom\u00eda hacia fines de 2015 eran significativos y m\u00e1s all\u00e1 de idas, vueltas y errores, uno puede ver la situaci\u00f3n actual desde el vaso medio lleno: hubo correcci\u00f3n en precios relativos de costos de energ\u00eda y servicios p\u00fablicos\u201d, destac\u00f3 Segura. En vistas a futuro,\u00a0<strong>consider\u00f3 que el problema a resolver ser\u00e1n las Leliq.<\/strong><\/p>\n<div class=\"row peperito general article-box no-margin-sides\">\n<div class=\"col-xs-24 no-padding-sides\"><\/div>\n<\/div>\n<p>El economista de Ieral coincidi\u00f3 en el an\u00e1lisis y consider\u00f3: \u201choy hay un problema urgente, dif\u00edcil de solucionar: la pulseada de las tasas de inter\u00e9s vs d\u00f3lar. Se necesita un plan de estabilizaci\u00f3n imposible de realizar de ac\u00e1 a las elecciones\u201d, apunt\u00f3 Reyes.<\/p>\n<p>Finalmente, el cuarto panel estuvo a cargo de<strong>\u00a0Elena Alonso, presidenta de Nix Valores, Sergio Moralejo, titular del Fondo para la Transformaci\u00f3n y el Crecimiento y Jer\u00f3nimo Bustos, gerente de Cuyo Aval.\u00a0<\/strong>Todos ellos pusieron a disposici\u00f3n de los presentes las diferentes<strong>\u00a0l\u00edneas que existen para los emprendedores, a tasa subsidiada y con planes de pago acorde de cada emprendimiento.\u00a0<\/strong><\/p>\n<p>&nbsp;<\/p>\n<p><strong>El secreto del \u00e9xito en la voz de los empresarios<\/strong><\/p>\n<div>\n<p>Mendoza fue sede del seminario Pyme que junt\u00f3 a empresarios y economistas en un solo lugar, para evaluar el futuro del pa\u00eds, la provincia y las herramientas que tienen los emprendedores para surcar crisis y crecer aprovechando oportunidades.<\/p>\n<p><img loading=\"lazy\" class=\"alignleft wp-image-8927 \" src=\"https:\/\/www.promendoza.com\/wp-content\/uploads\/2019\/05\/image5ce4b8d3cd6a3.jpg\" alt=\"\" width=\"679\" height=\"382\" srcset=\"https:\/\/www.promendoza.com\/wp-content\/uploads\/2019\/05\/image5ce4b8d3cd6a3.jpg 945w, https:\/\/www.promendoza.com\/wp-content\/uploads\/2019\/05\/image5ce4b8d3cd6a3-300x169.jpg 300w, https:\/\/www.promendoza.com\/wp-content\/uploads\/2019\/05\/image5ce4b8d3cd6a3-768x432.jpg 768w, https:\/\/www.promendoza.com\/wp-content\/uploads\/2019\/05\/image5ce4b8d3cd6a3-580x327.jpg 580w, https:\/\/www.promendoza.com\/wp-content\/uploads\/2019\/05\/image5ce4b8d3cd6a3-820x462.jpg 820w\" sizes=\"(max-width: 679px) 100vw, 679px\" \/>El evento termin\u00f3 con el <strong>panel denominado \u201cemprendedores exitosos\u201d<\/strong>, en el que se presentaron tres casos diferentes pero con algo en com\u00fan, una buena idea y mucho empe\u00f1o para llevarla adelante.\u00a0<strong>Augusto Mustaf\u00e1, CEO Fundador de Elepants, Federico Manzuoli, CEO de Guapaletas y Gast\u00f3n Greco, CEO Fundador de Posco<\/strong>, expusieron sus historias.<\/p>\n<p>\u201cNac\u00ed (como emprendedor) en las redes sociales, y despu\u00e9s vino el plan para lograr, en 2016, 30 locales propios y m\u00e1s de 120 clientes en todo el pa\u00eds (franquicias). Hoy estamos un paso m\u00e1s atr\u00e1s, pero como queremos estar\u201d, se\u00f1al\u00f3 Mustaf\u00e1, el creador de la marca que hizo que los pantalones de\u00a0pijama se convirtieran en una prenda de uso diario. Su objetivo actual es ir despacio, pero m\u00e1s controlado, y expandirse hacia los pa\u00edses vecinos.<\/p>\n<p>Manzuoli se refiri\u00f3 al sistema de franquicias en que se reestructur\u00f3 Guapaletas (paletas heladas en palito) para ampliar el negocio, con Mendoza como primer sede, y su futuro desembarco en Barcelona.<\/p>\n<p>Greco, el creador de la marca de zapatos que creci\u00f3 de a poco hasta llegar a ser la\u00a0marca elegida por la Selecci\u00f3n nacional y hasta el presidente Maurico Macri, se refiri\u00f3 al presente de su marca: \u201cEstamos produciendo para Argentina, M\u00e9xico y Estados Unidos\u201d, dijo y agreg\u00f3 que el escenario nacional hoy invita a mantenerse calmo y expandirse hacia el mundo. \u201cEmprender genera libertad y apalancarse con locos que tambi\u00e9n van detr\u00e1s de sus sue\u00f1os, siempre para adelante\u201d, cerr\u00f3 Greco, a modo de reflexi\u00f3n.<\/p>\n<\/div>\n","protected":false},"excerpt":{"rendered":"<p>El evento organizado por El Cronista y diario Los Andes cont\u00f3 con cinco paneles compuestos por economistas, empresarios y funcionarios. &nbsp; Argentina asumi\u00f3 un compromiso, tom\u00f3 una deuda y deber\u00e1&#8230;<\/p>\n","protected":false},"author":1,"featured_media":8925,"comment_status":"closed","ping_status":"open","sticky":false,"template":"","format":"image","meta":[],"categories":[97],"tags":[],"_links":{"self":[{"href":"https:\/\/www.promendoza.com\/es\/wp-json\/wp\/v2\/posts\/8924"}],"collection":[{"href":"https:\/\/www.promendoza.com\/es\/wp-json\/wp\/v2\/posts"}],"about":[{"href":"https:\/\/www.promendoza.com\/es\/wp-json\/wp\/v2\/types\/post"}],"author":[{"embeddable":true,"href":"https:\/\/www.promendoza.com\/es\/wp-json\/wp\/v2\/users\/1"}],"replies":[{"embeddable":true,"href":"https:\/\/www.promendoza.com\/es\/wp-json\/wp\/v2\/comments?post=8924"}],"version-history":[{"count":3,"href":"https:\/\/www.promendoza.com\/es\/wp-json\/wp\/v2\/posts\/8924\/revisions"}],"predecessor-version":[{"id":8930,"href":"https:\/\/www.promendoza.com\/es\/wp-json\/wp\/v2\/posts\/8924\/revisions\/8930"}],"wp:featuredmedia":[{"embeddable":true,"href":"https:\/\/www.promendoza.com\/es\/wp-json\/wp\/v2\/media\/8925"}],"wp:attachment":[{"href":"https:\/\/www.promendoza.com\/es\/wp-json\/wp\/v2\/media?parent=8924"}],"wp:term":[{"taxonomy":"category","embeddable":true,"href":"https:\/\/www.promendoza.com\/es\/wp-json\/wp\/v2\/categories?post=8924"},{"taxonomy":"post_tag","embeddable":true,"href":"https:\/\/www.promendoza.com\/es\/wp-json\/wp\/v2\/tags?post=8924"}],"curies":[{"name":"wp","href":"https:\/\/api.w.org\/{rel}","templated":true}]}}