{"id":8931,"date":"2019-05-15T12:58:41","date_gmt":"2019-05-15T12:58:41","guid":{"rendered":"https:\/\/www.promendoza.com\/?p=8931"},"modified":"2019-05-27T13:03:53","modified_gmt":"2019-05-27T13:03:53","slug":"el-cluster-film-andes-tiene-35-proyectos-en-marcha-para-este-ano","status":"publish","type":"post","link":"https:\/\/www.promendoza.com\/es\/el-cluster-film-andes-tiene-35-proyectos-en-marcha-para-este-ano\/","title":{"rendered":"El cl\u00faster Film Andes tiene 35 proyectos en marcha para este a\u00f1o"},"content":{"rendered":"<style type=\"text\/css\"><\/style><p class=\"article-body-paragraph air-3 espectaculos\">En silencio y sin demasiada exposici\u00f3n, el cl\u00faster de empresas e instituciones vinculadas al desarrollo audiovisual\u00a0<strong>Film Andes<\/strong>, tiene preparado para este a\u00f1o\u00a0<strong>35 nuevos proyectos<\/strong>\u00a0con los que buscar\u00e1 darle el impulso definitivo a la industria en la provincia.<\/p>\n<p class=\"article-body-paragraph air-3 espectaculos\">Film Andes es un polo de industrias creativas surgido e impulsado en Mendoza, que propende al desarrollo del sector cultural en el \u00e1mbito de la industria del Cine y las Artes Audiovisuales. En ese contexto, para este a\u00f1o esperan dar un salto de calidad con algunas producciones y coproducciones locales.<\/p>\n<p class=\"article-body-paragraph air-3 espectaculos\">Desde su creaci\u00f3n en 2014, Film Andes lleva m\u00e1s de 200 proyectos en desarrollo (cine, series, documentales, animaci\u00f3n, VJ, E-Sports), con coproducciones nacionales e internacionales.<\/p>\n<p class=\"article-body-paragraph air-3 espectaculos\">En ese contexto, tienen una inversi\u00f3n proyectada a\u00a02021 de\u00a0<strong>U$S50 millones,<\/strong>\u00a0con un nivel de ventas superior, proyectado en\u00a0<strong>U$S80 millones<\/strong>\u00a0para el mismo a\u00f1o, y con una generaci\u00f3n de empleos entre la actualidad y esa proyecci\u00f3n,\u00a0<strong>de 6.000 puestos.<\/strong><\/p>\n<p class=\"article-body-paragraph air-3 espectaculos\">Este mi\u00e9rcoles se realiz\u00f3 una actividad organizada por la Asociaci\u00f3n Civil, en la que los directivos compartieron el panorama actual de los proyectos en los que est\u00e1n trabajando, la proyecci\u00f3n a futuro y la visi\u00f3n de la industria para los pr\u00f3ximos a\u00f1os.<\/p>\n<p class=\"article-body-paragraph air-3 espectaculos\">Si bien el objetivo de Film Andes es visibilizar y fortalecer al sector, creando un ecosistema de trabajo creativo entre empresas, productoras, inversores y universidades de la provincia, con el fin de mejorar la calidad de contenidos a trav\u00e9s de la capacitaci\u00f3n profesional, las autoridades reconocieron la necesidad de obtener resultados.<\/p>\n<p class=\"article-body-paragraph air-3 espectaculos\">\u00abDetr\u00e1s de todo esto hay recursos, plata, empleo, contenidos, ideas, pero sobre todo procesos complejos, porque una producci\u00f3n tarda much\u00edsimo y lo que tenemos que lograr son resultados, es lo que nos estamos proponiendo\u00bb, expres\u00f3\u00a0<strong>Marcelo Ortega,<\/strong>\u00a0presidente de Film Andes.<\/p>\n<p class=\"article-body-paragraph air-3 espectaculos\">En ese contexto, Ortega comunic\u00f3 una gran noticia para la provincia, que tiene que ver con la producci\u00f3n y filmaci\u00f3n de una pel\u00edcula local.<\/p>\n<div class=\"jsx-2471390957 article-body-quote take-color but-before air-3 new spectacle\">\n<h3 class=\"jsx-2471390957 article-body-quote-content\"><em>\u00abHicimos una pel\u00edcula que se llama Desertor, que se gest\u00f3, produjo y rod\u00f3 \u00edntegramente en Uspallata, que se estrenar\u00e1 en agosto y es la primera producci\u00f3n de Mendoza y C\u00f3rdoba, que no recibi\u00f3 todav\u00eda ning\u00fan subsidio del INCAA. Primero hicimos la pel\u00edcula y luego esperamos el subsidio\u00bb<\/em><\/h3>\n<p class=\"jsx-2471390957 article-body-quote-author\" style=\"text-align: right;\"><em>Marcelo Ortega, presidente de Film Andes<\/em><\/p>\n<\/div>\n<p>&nbsp;<\/p>\n<p class=\"article-body-paragraph air-3 espectaculos\">Con esa pel\u00edcula aspiran al mercado local llegando a unas 50 salas en todo el pa\u00eds, pero tambi\u00e9n al mercado internacional.<\/p>\n<h4><strong>Proyecciones a 2021<\/strong><\/h4>\n<p class=\"article-body-paragraph air-3 espectaculos\">En la actualidad Film Andes tiene 55 asociados, pero esperan llegar a 70 el a\u00f1o que viene y a 80 en 2021. En cuanto a los proyectos, que ya son 250, el objetivo es alcanzar los 300 y 400 respectivamente.<\/p>\n<p class=\"article-body-paragraph air-3 espectaculos\">De esa totalidad, este a\u00f1o esperan concluir 50, mientras que en 2020 el objetivo son 100 y en 2021, 150.<\/p>\n<p class=\"article-body-paragraph air-3 espectaculos\"><strong>En cuanto a los empleos, calculan que actualmente hay unas 2.000 personas vinculadas, pero que en 2020 ser\u00e1n 4.000 y, en 2021, la cifra llegar\u00eda a los 6.000.<\/strong><\/p>\n","protected":false},"excerpt":{"rendered":"<p>En silencio y sin demasiada exposici\u00f3n, el cl\u00faster de empresas e instituciones vinculadas al desarrollo audiovisual\u00a0Film Andes, tiene preparado para este a\u00f1o\u00a035 nuevos proyectos\u00a0con los que buscar\u00e1 darle el impulso&#8230;<\/p>\n","protected":false},"author":1,"featured_media":8932,"comment_status":"closed","ping_status":"open","sticky":false,"template":"","format":"image","meta":[],"categories":[53],"tags":[],"_links":{"self":[{"href":"https:\/\/www.promendoza.com\/es\/wp-json\/wp\/v2\/posts\/8931"}],"collection":[{"href":"https:\/\/www.promendoza.com\/es\/wp-json\/wp\/v2\/posts"}],"about":[{"href":"https:\/\/www.promendoza.com\/es\/wp-json\/wp\/v2\/types\/post"}],"author":[{"embeddable":true,"href":"https:\/\/www.promendoza.com\/es\/wp-json\/wp\/v2\/users\/1"}],"replies":[{"embeddable":true,"href":"https:\/\/www.promendoza.com\/es\/wp-json\/wp\/v2\/comments?post=8931"}],"version-history":[{"count":1,"href":"https:\/\/www.promendoza.com\/es\/wp-json\/wp\/v2\/posts\/8931\/revisions"}],"predecessor-version":[{"id":8933,"href":"https:\/\/www.promendoza.com\/es\/wp-json\/wp\/v2\/posts\/8931\/revisions\/8933"}],"wp:featuredmedia":[{"embeddable":true,"href":"https:\/\/www.promendoza.com\/es\/wp-json\/wp\/v2\/media\/8932"}],"wp:attachment":[{"href":"https:\/\/www.promendoza.com\/es\/wp-json\/wp\/v2\/media?parent=8931"}],"wp:term":[{"taxonomy":"category","embeddable":true,"href":"https:\/\/www.promendoza.com\/es\/wp-json\/wp\/v2\/categories?post=8931"},{"taxonomy":"post_tag","embeddable":true,"href":"https:\/\/www.promendoza.com\/es\/wp-json\/wp\/v2\/tags?post=8931"}],"curies":[{"name":"wp","href":"https:\/\/api.w.org\/{rel}","templated":true}]}}